{"id":609,"date":"2011-05-16T06:45:13","date_gmt":"2011-05-16T06:45:13","guid":{"rendered":"http:\/\/blogs.diariovasco.com\/sopadeganso\/?p=609"},"modified":"2011-05-16T06:45:13","modified_gmt":"2011-05-16T06:45:13","slug":"vino_de_la_semana_villa_narcisa_08_fb","status":"publish","type":"post","link":"https:\/\/blogs.diariovasco.com\/sopadeganso\/2011\/05\/16\/vino_de_la_semana_villa_narcisa_08_fb\/","title":{"rendered":"Vino de la semana &#8211; Villa Narcisa 08 FB"},"content":{"rendered":"<p><SPAN style=\"WIDOWS: 2; TEXT-TRANSFORM: none; TEXT-INDENT: 0px; BORDER-COLLAPSE: separate; FONT: medium 'Times New Roman'; WHITE-SPACE: normal; ORPHANS: 2; LETTER-SPACING: normal; COLOR: rgb(0,0,0); WORD-SPACING: 0px; -webkit-border-horizontal-spacing: 0px; -webkit-border-vertical-spacing: 0px; -webkit-text-decorations-in-effect: none; -webkit-text-size-adjust: auto; -webkit-text-stroke-width: 0px\" class=Apple-style-span><br \/>\n<DIV style=\"BACKGROUND-COLOR: transparent\"><SPAN style=\"BACKGROUND-COLOR: transparent; FONT-STYLE: normal; FONT-FAMILY: Arial; WHITE-SPACE: pre-wrap; COLOR: rgb(0,0,0); FONT-SIZE: 11pt; VERTICAL-ALIGN: baseline; FONT-WEIGHT: normal; TEXT-DECORATION: none\" id=internal-source-marker_0.5930581572465599><IMG align=left src=\"\/sopadeganso\/wp-content\/uploads\/sites\/18\/VillaNarcisa.JPG\">Hay muchas bodegas con el nombre del propietario, pero una bodega que, adem\u00e0s, se declara de viticultor es una aut\u00e9ntica declaraci\u00f3n de principios. Si a eso se a\u00f1ade que la persona es biznieta del primer agricultor que plant\u00f3 esos vi\u00f1edos de verdejo en La Seca (Valladolid), entonces hay que pensar que hay mucho respeto detr\u00e1s de ese vino. Pero un viticultor, por el mero hecho de serlo, no tiene por qu\u00e9 hacer buenos vinos. Hay un mundo hasta que llega a la botella y se corren ciertos peligros, as\u00ed que la botella se abre y se bebe con precauci\u00f3n. <\/SPAN><BR><SPAN style=\"BACKGROUND-COLOR: transparent; FONT-STYLE: normal; FONT-FAMILY: Arial; WHITE-SPACE: pre-wrap; COLOR: rgb(0,0,0); FONT-SIZE: 11pt; VERTICAL-ALIGN: baseline; FONT-WEIGHT: normal; TEXT-DECORATION: none\"><\/SPAN><BR><SPAN style=\"BACKGROUND-COLOR: transparent; FONT-STYLE: normal; FONT-FAMILY: Arial; WHITE-SPACE: pre-wrap; COLOR: rgb(0,0,0); FONT-SIZE: 11pt; VERTICAL-ALIGN: baseline; FONT-WEIGHT: normal; TEXT-DECORATION: none\">Y cuando lo haces y dices: \u201cYo no me puedo creer lo que estoy bebiendo\u201d Sabes que has encontrado algo diferente. Estoy tomando un verdejo (100 % verdejo) fermentado en barrica y estoy acostumbrado a beber tablones cuando me encuentro &nbsp;con estos vinos, te anestesian la boca con una madera exagerada y una fruta que nunca estuvo en la botella. En este vino todo empieza en la nariz donde aparece una fruta blanca y algo de melocot\u00f3n pero enseguida sale la mineralidad, parece que te han puesto tierra en la copa, te lo metes en la boca y lo mismo. Hay fruta, ligeros toques hasta de manzana verde, lo mineral aparece de nuevo como si quisiera dar un golpe de autoridad, la madera perfectamente equilibrada en este vino con un paso por boca muy graso y ese final ligeramente amargo que proclama la verdejo.<\/SPAN><BR><SPAN style=\"BACKGROUND-COLOR: transparent; FONT-STYLE: normal; FONT-FAMILY: Arial; WHITE-SPACE: pre-wrap; COLOR: rgb(0,0,0); FONT-SIZE: 11pt; VERTICAL-ALIGN: baseline; FONT-WEIGHT: normal; TEXT-DECORATION: none\"><\/SPAN><BR><SPAN style=\"BACKGROUND-COLOR: transparent; FONT-STYLE: normal; FONT-FAMILY: Arial; WHITE-SPACE: pre-wrap; COLOR: rgb(0,0,0); FONT-SIZE: 11pt; VERTICAL-ALIGN: baseline; FONT-WEIGHT: normal; TEXT-DECORATION: none\">Este vino es todo un ejemplo en la materia, un vino de cenas elegantes y con mucho porte, con algo importante que decir, con un precio que confunde porque est\u00e1 en torno a unos 15 euros y el vino parece m\u00e1s. Un vino que hace Javier Sanz que se declara viticultor y que le da a la botella el nombre de las tierras de su bisabuelo: Villa Narcisa.<\/SPAN><BR><SPAN style=\"BACKGROUND-COLOR: transparent; FONT-STYLE: normal; FONT-FAMILY: Arial; WHITE-SPACE: pre-wrap; COLOR: rgb(0,0,0); FONT-SIZE: 11pt; VERTICAL-ALIGN: baseline; FONT-WEIGHT: normal; TEXT-DECORATION: none\"><\/SPAN><BR><SPAN style=\"BACKGROUND-COLOR: transparent; FONT-STYLE: normal; FONT-FAMILY: Arial; WHITE-SPACE: pre-wrap; COLOR: rgb(0,0,0); FONT-SIZE: 11pt; VERTICAL-ALIGN: baseline; FONT-WEIGHT: normal; TEXT-DECORATION: none\">Blog escrito escuchando: Mary Lou Williams &#8211; Live At The Cookery<\/SPAN><\/DIV><br \/>\n<\/SPAN><\/p>\n<!-- AddThis Advanced Settings generic via filter on the_content --><!-- AddThis Share Buttons generic via filter on the_content -->","protected":false},"excerpt":{"rendered":"<p>Hay muchas bodegas con el nombre del propietario, pero una bodega que, adem\u00e0s, se declara de viticultor es una aut\u00e9ntica declaraci\u00f3n de principios. Si a eso se a\u00f1ade que la persona es biznieta del primer agricultor que plant\u00f3 esos vi\u00f1edos de verdejo en La Seca (Valladolid), entonces hay que pensar que hay mucho respeto detr\u00e1s [&hellip;]<!-- AddThis Advanced Settings generic via filter on get_the_excerpt --><!-- AddThis Share Buttons generic via filter on get_the_excerpt --><\/p>\n","protected":false},"author":33,"featured_media":0,"comment_status":"open","ping_status":"closed","sticky":false,"template":"","format":"standard","meta":[],"categories":[2],"tags":[6],"_links":{"self":[{"href":"https:\/\/blogs.diariovasco.com\/sopadeganso\/wp-json\/wp\/v2\/posts\/609"}],"collection":[{"href":"https:\/\/blogs.diariovasco.com\/sopadeganso\/wp-json\/wp\/v2\/posts"}],"about":[{"href":"https:\/\/blogs.diariovasco.com\/sopadeganso\/wp-json\/wp\/v2\/types\/post"}],"author":[{"embeddable":true,"href":"https:\/\/blogs.diariovasco.com\/sopadeganso\/wp-json\/wp\/v2\/users\/33"}],"replies":[{"embeddable":true,"href":"https:\/\/blogs.diariovasco.com\/sopadeganso\/wp-json\/wp\/v2\/comments?post=609"}],"version-history":[{"count":0,"href":"https:\/\/blogs.diariovasco.com\/sopadeganso\/wp-json\/wp\/v2\/posts\/609\/revisions"}],"wp:attachment":[{"href":"https:\/\/blogs.diariovasco.com\/sopadeganso\/wp-json\/wp\/v2\/media?parent=609"}],"wp:term":[{"taxonomy":"category","embeddable":true,"href":"https:\/\/blogs.diariovasco.com\/sopadeganso\/wp-json\/wp\/v2\/categories?post=609"},{"taxonomy":"post_tag","embeddable":true,"href":"https:\/\/blogs.diariovasco.com\/sopadeganso\/wp-json\/wp\/v2\/tags?post=609"}],"curies":[{"name":"wp","href":"https:\/\/api.w.org\/{rel}","templated":true}]}}