{"id":612,"date":"2011-05-23T07:01:51","date_gmt":"2011-05-23T07:01:51","guid":{"rendered":"http:\/\/blogs.diariovasco.com\/sopadeganso\/?p=612"},"modified":"2011-05-23T07:01:51","modified_gmt":"2011-05-23T07:01:51","slug":"vino_de_la_semana_placet_07","status":"publish","type":"post","link":"https:\/\/blogs.diariovasco.com\/sopadeganso\/2011\/05\/23\/vino_de_la_semana_placet_07\/","title":{"rendered":"Vino de la semana &#8211; Placet 07"},"content":{"rendered":"<p><SPAN style=\"WIDOWS: 2; TEXT-TRANSFORM: none; TEXT-INDENT: 0px; BORDER-COLLAPSE: separate; FONT: medium 'Times New Roman'; WHITE-SPACE: normal; ORPHANS: 2; LETTER-SPACING: normal; COLOR: rgb(0,0,0); WORD-SPACING: 0px; -webkit-border-horizontal-spacing: 0px; -webkit-border-vertical-spacing: 0px; -webkit-text-decorations-in-effect: none; -webkit-text-size-adjust: auto; -webkit-text-stroke-width: 0px\" class=Apple-style-span><br \/>\n<DIV style=\"BACKGROUND-COLOR: transparent\"><SPAN style=\"BACKGROUND-COLOR: transparent; FONT-STYLE: normal; FONT-FAMILY: Arial; WHITE-SPACE: pre-wrap; COLOR: rgb(0,0,0); FONT-SIZE: 11pt; VERTICAL-ALIGN: baseline; FONT-WEIGHT: normal; TEXT-DECORATION: none\" id=internal-source-marker_0.8693197090178728><IMG align=left src=\"\/sopadeganso\/wp-content\/uploads\/sites\/18\/Placet.JPG\">Este vino empez\u00f3 hace ya muchos a\u00f1os, tendr\u00edamos que situarnos en los principios de los 80 para encontrarnos con un hombre que sabe inculcar a sus hijos el amor por el vino. Jos\u00e9 Palacios de llamaba ese bodeguero de Alfaro que supo transmitir a sus hijos (tuvo 9) los valores que luego les llevaron a hacer, no s\u00f3lo grandes vinos, sino algunos de los mejores vinos que se encuentran en nuestro pais y, si hablamos de vinos blancos, a lo mejor aparece el nombre Palacios un par de veces entre los diez mejores.<\/SPAN><BR><SPAN style=\"BACKGROUND-COLOR: transparent; FONT-STYLE: normal; FONT-FAMILY: Arial; WHITE-SPACE: pre-wrap; COLOR: rgb(0,0,0); FONT-SIZE: 11pt; VERTICAL-ALIGN: baseline; FONT-WEIGHT: normal; TEXT-DECORATION: none\"><\/SPAN><BR><SPAN style=\"BACKGROUND-COLOR: transparent; FONT-STYLE: normal; FONT-FAMILY: Arial; WHITE-SPACE: pre-wrap; COLOR: rgb(0,0,0); FONT-SIZE: 11pt; VERTICAL-ALIGN: baseline; FONT-WEIGHT: normal; TEXT-DECORATION: none\">Placet es, afortunadamente, un proyecto personal de Alvaro Palacios, ese gran en\u00f3logo que, como hijo de su padre, supo tener la visi\u00f3n de una zona en Tarragona que iba a despuntar porque era capaz de guardar el gran secreto del vino en sus entra\u00f1as. Uno de los primeros en caer por el Priorato no s\u00f3lo lo puso en el mapa sino que, desde el principio supo darle valor a esos vinos, aunque ese valor significara que algunos ni hemos podido acercarnos a sus vinos, no hemos tenido que conformar con sus hermanos peque\u00f1os.<\/SPAN><BR><SPAN style=\"BACKGROUND-COLOR: transparent; FONT-STYLE: normal; FONT-FAMILY: Arial; WHITE-SPACE: pre-wrap; COLOR: rgb(0,0,0); FONT-SIZE: 11pt; VERTICAL-ALIGN: baseline; FONT-WEIGHT: normal; TEXT-DECORATION: none\"><\/SPAN><BR><SPAN style=\"BACKGROUND-COLOR: transparent; FONT-STYLE: normal; FONT-FAMILY: Arial; WHITE-SPACE: pre-wrap; COLOR: rgb(0,0,0); FONT-SIZE: 11pt; VERTICAL-ALIGN: baseline; FONT-WEIGHT: normal; TEXT-DECORATION: none\">La noticia es que Alvaro volvi\u00f3 a la bodega familiar para crear este blanco y haciendo las cosas como las hac\u00eda no pod\u00eda hacer cualquier cosa. Se fij\u00f3 en esa gran uva olvidada por los propios riojanos que es la viura y sin necesidad de embarcarse en aventuras prefilox\u00e9ricas ha sabido sacarle todo el partido a unas cepas de m\u00e1s de 20 a\u00f1os. Cuidando el vi\u00f1edo, fermentando en barricas de roble sobre l\u00edas y guardando el vino otros 9 meses ha hecho un vino que sorprende desde el principio porque lo est\u00e1s echando en la copa y parece aceite, es intenso y enseguida saltan aromas de campo abierto a las flores, es muy fresco y la boca sin embargo es seria y se abre hacia frutas blancas, peras y melones. <\/SPAN><BR><SPAN style=\"BACKGROUND-COLOR: transparent; FONT-STYLE: normal; FONT-FAMILY: Arial; WHITE-SPACE: pre-wrap; COLOR: rgb(0,0,0); FONT-SIZE: 11pt; VERTICAL-ALIGN: baseline; FONT-WEIGHT: normal; TEXT-DECORATION: none\"><\/SPAN><BR><SPAN style=\"BACKGROUND-COLOR: transparent; FONT-STYLE: normal; FONT-FAMILY: Arial; WHITE-SPACE: pre-wrap; COLOR: rgb(0,0,0); FONT-SIZE: 11pt; VERTICAL-ALIGN: baseline; FONT-WEIGHT: normal; TEXT-DECORATION: none\">\u00bfPor qu\u00e9 me gusta tanto este vino? Porque es serio, reflexivo pero se lleva muy bien con un atardecer tranquilo, una cena de las 8,30 o 9 de la noche de verano y permite una tertulia relajada. Y no es caro, sobre los 18 euros me parece una ganga, de verdad.<\/SPAN><BR><SPAN style=\"BACKGROUND-COLOR: transparent; FONT-STYLE: normal; FONT-FAMILY: Arial; WHITE-SPACE: pre-wrap; COLOR: rgb(0,0,0); FONT-SIZE: 11pt; VERTICAL-ALIGN: baseline; FONT-WEIGHT: normal; TEXT-DECORATION: none\"><\/SPAN><BR><SPAN style=\"BACKGROUND-COLOR: transparent; FONT-STYLE: normal; FONT-FAMILY: Arial; WHITE-SPACE: pre-wrap; COLOR: rgb(0,0,0); FONT-SIZE: 11pt; VERTICAL-ALIGN: baseline; FONT-WEIGHT: normal; TEXT-DECORATION: none\">Blog escrito escuchando: Nicky Hopkins &#8211; The Tinman Was A Dreamer<\/SPAN><\/DIV><br \/>\n<\/SPAN><\/p>\n<!-- AddThis Advanced Settings generic via filter on the_content --><!-- AddThis Share Buttons generic via filter on the_content -->","protected":false},"excerpt":{"rendered":"<p>Este vino empez\u00f3 hace ya muchos a\u00f1os, tendr\u00edamos que situarnos en los principios de los 80 para encontrarnos con un hombre que sabe inculcar a sus hijos el amor por el vino. Jos\u00e9 Palacios de llamaba ese bodeguero de Alfaro que supo transmitir a sus hijos (tuvo 9) los valores que luego les llevaron a [&hellip;]<!-- AddThis Advanced Settings generic via filter on get_the_excerpt --><!-- AddThis Share Buttons generic via filter on get_the_excerpt --><\/p>\n","protected":false},"author":33,"featured_media":0,"comment_status":"open","ping_status":"closed","sticky":false,"template":"","format":"standard","meta":[],"categories":[2],"tags":[6],"_links":{"self":[{"href":"https:\/\/blogs.diariovasco.com\/sopadeganso\/wp-json\/wp\/v2\/posts\/612"}],"collection":[{"href":"https:\/\/blogs.diariovasco.com\/sopadeganso\/wp-json\/wp\/v2\/posts"}],"about":[{"href":"https:\/\/blogs.diariovasco.com\/sopadeganso\/wp-json\/wp\/v2\/types\/post"}],"author":[{"embeddable":true,"href":"https:\/\/blogs.diariovasco.com\/sopadeganso\/wp-json\/wp\/v2\/users\/33"}],"replies":[{"embeddable":true,"href":"https:\/\/blogs.diariovasco.com\/sopadeganso\/wp-json\/wp\/v2\/comments?post=612"}],"version-history":[{"count":0,"href":"https:\/\/blogs.diariovasco.com\/sopadeganso\/wp-json\/wp\/v2\/posts\/612\/revisions"}],"wp:attachment":[{"href":"https:\/\/blogs.diariovasco.com\/sopadeganso\/wp-json\/wp\/v2\/media?parent=612"}],"wp:term":[{"taxonomy":"category","embeddable":true,"href":"https:\/\/blogs.diariovasco.com\/sopadeganso\/wp-json\/wp\/v2\/categories?post=612"},{"taxonomy":"post_tag","embeddable":true,"href":"https:\/\/blogs.diariovasco.com\/sopadeganso\/wp-json\/wp\/v2\/tags?post=612"}],"curies":[{"name":"wp","href":"https:\/\/api.w.org\/{rel}","templated":true}]}}