{"id":614,"date":"2011-05-25T05:10:51","date_gmt":"2011-05-25T05:10:51","guid":{"rendered":"http:\/\/blogs.diariovasco.com\/sopadeganso\/?p=614"},"modified":"2011-05-25T05:10:51","modified_gmt":"2011-05-25T05:10:51","slug":"el_pisto_que_me_gusta","status":"publish","type":"post","link":"https:\/\/blogs.diariovasco.com\/sopadeganso\/2011\/05\/25\/el_pisto_que_me_gusta\/","title":{"rendered":"El pisto que me gusta"},"content":{"rendered":"<p><SPAN style=\"WIDOWS: 2; TEXT-TRANSFORM: none; TEXT-INDENT: 0px; BORDER-COLLAPSE: separate; FONT: medium 'Times New Roman'; WHITE-SPACE: normal; ORPHANS: 2; LETTER-SPACING: normal; COLOR: rgb(0,0,0); WORD-SPACING: 0px; -webkit-border-horizontal-spacing: 0px; -webkit-border-vertical-spacing: 0px; -webkit-text-decorations-in-effect: none; -webkit-text-size-adjust: auto; -webkit-text-stroke-width: 0px\" class=Apple-style-span><br \/>\n<DIV style=\"BACKGROUND-COLOR: transparent; MARGIN: 0px\"><SPAN style=\"BACKGROUND-COLOR: transparent; FONT-STYLE: normal; FONT-FAMILY: Arial; WHITE-SPACE: pre-wrap; COLOR: rgb(0,0,0); FONT-SIZE: 11pt; VERTICAL-ALIGN: baseline; FONT-WEIGHT: normal; TEXT-DECORATION: none\" id=internal-source-marker_0.28858970664441586><IMG align=left src=\"\/sopadeganso\/wp-content\/uploads\/sites\/18\">Si dedican toda una pel\u00edcula a un plato es que debe ser importante. Y yo que cre\u00eda que habr\u00eda una especie de fiebre por hacer pisto despu\u00e9s de Ratatouille y nada, no se encuentra en las cartas. Hasta David de Jorge lo ha hecho un par de veces a ver si la gente se entera y se pone a cocinarlo.<\/SPAN><BR><SPAN style=\"BACKGROUND-COLOR: transparent; FONT-STYLE: normal; FONT-FAMILY: Arial; WHITE-SPACE: pre-wrap; COLOR: rgb(0,0,0); FONT-SIZE: 11pt; VERTICAL-ALIGN: baseline; FONT-WEIGHT: normal; TEXT-DECORATION: none\"><\/SPAN><BR><SPAN style=\"BACKGROUND-COLOR: transparent; FONT-STYLE: normal; FONT-FAMILY: Arial; WHITE-SPACE: pre-wrap; COLOR: rgb(0,0,0); FONT-SIZE: 11pt; VERTICAL-ALIGN: baseline; FONT-WEIGHT: normal; TEXT-DECORATION: none\">Por eso sabes que si alguien lo pone en carta no puede ser cualquier cosa, es un plato que no compras hecho ni se te ocurre hacerlo con productos congelados como algunas ensaladas o ensaladillas. Tiene que haber sinceridad detr\u00e1s de un plato as\u00ed, m\u00e1s voy a decir, si eres un buen cocinero y pones en carta un pisto de verduras tienes que tener cierto orgullo de que lo haces bien porque es un plato que no tiene intermedios, o te sale o no te sale. Necesitas experiencia para elegir los ingredientes, la verdura tiene que ser muy fresca, tienes que saber cortarla de una manera uniforme y elegante para que el plato final se pueda presentar en condiciones, tienes que tener paciencia y saber darle el punto a cada verdura, el momento de los pimientos, cada uno de su color, el tiempo de los calabacines, el de la berenjena, el tomate bien echado en su justa medida y tienes que ponerle atenci\u00f3n a todo para que no se pase porque todo junto tiene que tomar su tiempo. <\/SPAN><BR><SPAN style=\"BACKGROUND-COLOR: transparent; FONT-STYLE: normal; FONT-FAMILY: Arial; WHITE-SPACE: pre-wrap; COLOR: rgb(0,0,0); FONT-SIZE: 11pt; VERTICAL-ALIGN: baseline; FONT-WEIGHT: normal; TEXT-DECORATION: none\"><\/SPAN><BR><SPAN style=\"BACKGROUND-COLOR: transparent; FONT-STYLE: normal; FONT-FAMILY: Arial; WHITE-SPACE: pre-wrap; COLOR: rgb(0,0,0); FONT-SIZE: 11pt; VERTICAL-ALIGN: baseline; FONT-WEIGHT: normal; TEXT-DECORATION: none\">Este pisto es una joya del Mes\u00f3n Lugaritz (junto a la C\u00e1mara de Comercio en la Avda. de Tolosa &#8211; San Sebasti\u00e1n) que rematan con un par de champi\u00f1ones que le dan una alegr\u00eda especial al plato. Hubo otros platos y de este sitio con vinos extrordinarios voy a seguir hablando porque es lo que buscamos, esto s\u00ed es Rock n\u2019 Roll porque las cosas se hacen sin tonter\u00edas y directas al coraz\u00f3n.<\/SPAN><BR><SPAN style=\"BACKGROUND-COLOR: transparent; FONT-STYLE: normal; FONT-FAMILY: Arial; WHITE-SPACE: pre-wrap; COLOR: rgb(0,0,0); FONT-SIZE: 11pt; VERTICAL-ALIGN: baseline; FONT-WEIGHT: normal; TEXT-DECORATION: none\"><\/SPAN><BR><SPAN style=\"BACKGROUND-COLOR: transparent; FONT-STYLE: normal; FONT-FAMILY: Arial; WHITE-SPACE: pre-wrap; COLOR: rgb(0,0,0); FONT-SIZE: 11pt; VERTICAL-ALIGN: baseline; FONT-WEIGHT: normal; TEXT-DECORATION: none\">Blog escrito escuchando: Ray Davies &#8211; See My Firends<\/SPAN><\/DIV><br \/>\n<\/SPAN><\/p>\n<!-- AddThis Advanced Settings generic via filter on the_content --><!-- AddThis Share Buttons generic via filter on the_content -->","protected":false},"excerpt":{"rendered":"<p>Si dedican toda una pel\u00edcula a un plato es que debe ser importante. Y yo que cre\u00eda que habr\u00eda una especie de fiebre por hacer pisto despu\u00e9s de Ratatouille y nada, no se encuentra en las cartas. Hasta David de Jorge lo ha hecho un par de veces a ver si la gente se entera [&hellip;]<!-- AddThis Advanced Settings generic via filter on get_the_excerpt --><!-- AddThis Share Buttons generic via filter on get_the_excerpt --><\/p>\n","protected":false},"author":33,"featured_media":0,"comment_status":"open","ping_status":"closed","sticky":false,"template":"","format":"standard","meta":[],"categories":[2],"tags":[6],"_links":{"self":[{"href":"https:\/\/blogs.diariovasco.com\/sopadeganso\/wp-json\/wp\/v2\/posts\/614"}],"collection":[{"href":"https:\/\/blogs.diariovasco.com\/sopadeganso\/wp-json\/wp\/v2\/posts"}],"about":[{"href":"https:\/\/blogs.diariovasco.com\/sopadeganso\/wp-json\/wp\/v2\/types\/post"}],"author":[{"embeddable":true,"href":"https:\/\/blogs.diariovasco.com\/sopadeganso\/wp-json\/wp\/v2\/users\/33"}],"replies":[{"embeddable":true,"href":"https:\/\/blogs.diariovasco.com\/sopadeganso\/wp-json\/wp\/v2\/comments?post=614"}],"version-history":[{"count":0,"href":"https:\/\/blogs.diariovasco.com\/sopadeganso\/wp-json\/wp\/v2\/posts\/614\/revisions"}],"wp:attachment":[{"href":"https:\/\/blogs.diariovasco.com\/sopadeganso\/wp-json\/wp\/v2\/media?parent=614"}],"wp:term":[{"taxonomy":"category","embeddable":true,"href":"https:\/\/blogs.diariovasco.com\/sopadeganso\/wp-json\/wp\/v2\/categories?post=614"},{"taxonomy":"post_tag","embeddable":true,"href":"https:\/\/blogs.diariovasco.com\/sopadeganso\/wp-json\/wp\/v2\/tags?post=614"}],"curies":[{"name":"wp","href":"https:\/\/api.w.org\/{rel}","templated":true}]}}