{"id":616,"date":"2011-05-30T06:59:10","date_gmt":"2011-05-30T06:59:10","guid":{"rendered":"http:\/\/blogs.diariovasco.com\/sopadeganso\/?p=616"},"modified":"2011-05-30T06:59:10","modified_gmt":"2011-05-30T06:59:10","slug":"vino_de_la_semana_xarel_lo_pairal","status":"publish","type":"post","link":"https:\/\/blogs.diariovasco.com\/sopadeganso\/2011\/05\/30\/vino_de_la_semana_xarel_lo_pairal\/","title":{"rendered":"Vino de la semana &#8211; Xarel-lo Pairal"},"content":{"rendered":"<p><SPAN style=\"WIDOWS: 2; TEXT-TRANSFORM: none; TEXT-INDENT: 0px; BORDER-COLLAPSE: separate; FONT: medium 'Times New Roman'; WHITE-SPACE: normal; ORPHANS: 2; LETTER-SPACING: normal; COLOR: rgb(0,0,0); WORD-SPACING: 0px; -webkit-border-horizontal-spacing: 0px; -webkit-border-vertical-spacing: 0px; -webkit-text-decorations-in-effect: none; -webkit-text-size-adjust: auto; -webkit-text-stroke-width: 0px\" class=Apple-style-span><br \/>\n<DIV style=\"BACKGROUND-COLOR: transparent; MARGIN: 0px\"><SPAN style=\"BACKGROUND-COLOR: transparent; FONT-STYLE: normal; FONT-FAMILY: Arial; WHITE-SPACE: pre-wrap; COLOR: rgb(0,0,0); FONT-SIZE: 11pt; VERTICAL-ALIGN: baseline; FONT-WEIGHT: normal; TEXT-DECORATION: none\" id=internal-source-marker_0.0757861458696425><IMG align=left src=\"\/sopadeganso\/wp-content\/uploads\/sites\/18\/Xarel-loPairal.JPG\">No puede ser. Vuelvo a mirar la botella y no puede ser. Dice Xarel-lo Pairal y a mi, hace muchos a\u00f1os, me dijeron que la uva xarel-lo la adoptaron los payases porque les daba un muy buen rendimiento (ya se sabe, la cosa catalana) pero que era imposible porque era una uva \u00e1cida a m\u00e1s no poder. Pero se ve que depende del pay\u00e9s.<\/SPAN><BR><SPAN style=\"BACKGROUND-COLOR: transparent; FONT-STYLE: normal; FONT-FAMILY: Arial; WHITE-SPACE: pre-wrap; COLOR: rgb(0,0,0); FONT-SIZE: 11pt; VERTICAL-ALIGN: baseline; FONT-WEIGHT: normal; TEXT-DECORATION: none\"><\/SPAN><BR><SPAN style=\"BACKGROUND-COLOR: transparent; FONT-STYLE: normal; FONT-FAMILY: Arial; WHITE-SPACE: pre-wrap; COLOR: rgb(0,0,0); FONT-SIZE: 11pt; VERTICAL-ALIGN: baseline; FONT-WEIGHT: normal; TEXT-DECORATION: none\">En este caso se llama Carlos Esteva y por eso esta es otra historia, otra historia y, claramente otro pa\u00eds. Porque del Pened\u00e9s me voy directamente a Alemania, estoy con una riesling, su potencia, sus hidrocarburos, su mineralidad, sus pedregales, su cremosidad, sus c\u00edtricos y hasta su ahumado. Son cosas incomprensibles de un vino que se llama Xarel-lo y que viene de Can Rafols dels Caus que est\u00e1 en el Pened\u00e9s, pero todas est\u00e1n ah\u00ed, metidas en esas 4000 botellas \u00fanicas de este gran vino que, adem\u00e1s de vi\u00f1as de m\u00e1s e 60 a\u00f1os en un suelo pedregoso del Garraf ha tenido la gran suerte de hacerse en barricas de casta\u00f1o, como se hac\u00eda antes.<\/SPAN><BR><SPAN style=\"BACKGROUND-COLOR: transparent; FONT-STYLE: normal; FONT-FAMILY: Arial; WHITE-SPACE: pre-wrap; COLOR: rgb(0,0,0); FONT-SIZE: 11pt; VERTICAL-ALIGN: baseline; FONT-WEIGHT: normal; TEXT-DECORATION: none\"><\/SPAN><BR><SPAN style=\"BACKGROUND-COLOR: transparent; FONT-STYLE: normal; FONT-FAMILY: Arial; WHITE-SPACE: pre-wrap; COLOR: rgb(0,0,0); FONT-SIZE: 11pt; VERTICAL-ALIGN: baseline; FONT-WEIGHT: normal; TEXT-DECORATION: none\">Se ve que me encanta y a\u00fan no me creo que lo haya descubierto por casualidad, en la balda de Lukas y que haya servido para pensar en un aperitivo con jam\u00f3n, un paisaje de monta\u00f1a y algo de fresco en el ambiente, se ve que sale el sol entre la bruma. Puede que no tenga un final suficientemente largo aunque aguanta bastante, pero es que a 12 euros no puedo esperar nada m\u00e1s.<\/SPAN><BR><SPAN style=\"BACKGROUND-COLOR: transparent; FONT-STYLE: normal; FONT-FAMILY: Arial; WHITE-SPACE: pre-wrap; COLOR: rgb(0,0,0); FONT-SIZE: 11pt; VERTICAL-ALIGN: baseline; FONT-WEIGHT: normal; TEXT-DECORATION: none\"><\/SPAN><BR><SPAN style=\"BACKGROUND-COLOR: transparent; FONT-STYLE: normal; FONT-FAMILY: Arial; WHITE-SPACE: pre-wrap; COLOR: rgb(0,0,0); FONT-SIZE: 11pt; VERTICAL-ALIGN: baseline; FONT-WEIGHT: normal; TEXT-DECORATION: none\">Blog escrito escuchando: Dry Martina &#8211; Musara\u00f1as<\/SPAN><\/DIV><br \/>\n<\/SPAN><\/p>\n<!-- AddThis Advanced Settings generic via filter on the_content --><!-- AddThis Share Buttons generic via filter on the_content -->","protected":false},"excerpt":{"rendered":"<p>No puede ser. Vuelvo a mirar la botella y no puede ser. Dice Xarel-lo Pairal y a mi, hace muchos a\u00f1os, me dijeron que la uva xarel-lo la adoptaron los payases porque les daba un muy buen rendimiento (ya se sabe, la cosa catalana) pero que era imposible porque era una uva \u00e1cida a m\u00e1s [&hellip;]<!-- AddThis Advanced Settings generic via filter on get_the_excerpt --><!-- AddThis Share Buttons generic via filter on get_the_excerpt --><\/p>\n","protected":false},"author":33,"featured_media":0,"comment_status":"open","ping_status":"closed","sticky":false,"template":"","format":"standard","meta":[],"categories":[2],"tags":[6],"_links":{"self":[{"href":"https:\/\/blogs.diariovasco.com\/sopadeganso\/wp-json\/wp\/v2\/posts\/616"}],"collection":[{"href":"https:\/\/blogs.diariovasco.com\/sopadeganso\/wp-json\/wp\/v2\/posts"}],"about":[{"href":"https:\/\/blogs.diariovasco.com\/sopadeganso\/wp-json\/wp\/v2\/types\/post"}],"author":[{"embeddable":true,"href":"https:\/\/blogs.diariovasco.com\/sopadeganso\/wp-json\/wp\/v2\/users\/33"}],"replies":[{"embeddable":true,"href":"https:\/\/blogs.diariovasco.com\/sopadeganso\/wp-json\/wp\/v2\/comments?post=616"}],"version-history":[{"count":0,"href":"https:\/\/blogs.diariovasco.com\/sopadeganso\/wp-json\/wp\/v2\/posts\/616\/revisions"}],"wp:attachment":[{"href":"https:\/\/blogs.diariovasco.com\/sopadeganso\/wp-json\/wp\/v2\/media?parent=616"}],"wp:term":[{"taxonomy":"category","embeddable":true,"href":"https:\/\/blogs.diariovasco.com\/sopadeganso\/wp-json\/wp\/v2\/categories?post=616"},{"taxonomy":"post_tag","embeddable":true,"href":"https:\/\/blogs.diariovasco.com\/sopadeganso\/wp-json\/wp\/v2\/tags?post=616"}],"curies":[{"name":"wp","href":"https:\/\/api.w.org\/{rel}","templated":true}]}}