{"id":627,"date":"2011-06-16T01:56:35","date_gmt":"2011-06-16T01:56:35","guid":{"rendered":"http:\/\/blogs.diariovasco.com\/sopadeganso\/?p=627"},"modified":"2011-06-16T01:56:35","modified_gmt":"2011-06-16T01:56:35","slug":"irekonductibles_inolvidable","status":"publish","type":"post","link":"https:\/\/blogs.diariovasco.com\/sopadeganso\/2011\/06\/16\/irekonductibles_inolvidable\/","title":{"rendered":"iRekonductibles: inolvidable"},"content":{"rendered":"<p><SPAN style=\"WIDOWS: 2; TEXT-TRANSFORM: none; TEXT-INDENT: 0px; BORDER-COLLAPSE: separate; FONT: medium 'Times New Roman'; WHITE-SPACE: normal; ORPHANS: 2; LETTER-SPACING: normal; COLOR: rgb(0,0,0); WORD-SPACING: 0px; -webkit-border-horizontal-spacing: 0px; -webkit-border-vertical-spacing: 0px; -webkit-text-decorations-in-effect: none; -webkit-text-size-adjust: auto; -webkit-text-stroke-width: 0px\" class=Apple-style-span><br \/>\n<DIV style=\"BACKGROUND-COLOR: transparent; MARGIN: 0px\"><SPAN style=\"BACKGROUND-COLOR: transparent; FONT-STYLE: normal; FONT-FAMILY: Arial; WHITE-SPACE: pre-wrap; COLOR: rgb(0,0,0); FONT-SIZE: 11pt; VERTICAL-ALIGN: baseline; FONT-WEIGHT: normal; TEXT-DECORATION: none\" id=internal-source-marker_0.7485589750576764>Al final de la tarde abrimos un Sela, el vino econ\u00f3mico de la bodega, lo que se conocer\u00eda como el segundo vino de la casa si estuvi\u00e9ramos hablando en franc\u00e9s. Digo que abrimos el Sela casi de casualidad porque hab\u00edamos estado probando las mejores a\u00f1adas de la primera marca y quer\u00edamos ver lo que pasaba. Yo no lo dije porque de esto entiendo bien poco, lo dijo alguien que sabe mucho: \u201cCon los ojos cerrados dir\u00eda que este vino es tuyo\u201d &nbsp;y por \u201ctuyo\u201d no era otro que Agust\u00edn Santaolaya ese gran caballero del vino que dirige, desde sus comienzos, los destinos vitivin\u00edcolas de Bodegas Roda.<\/SPAN><\/DIV><br \/>\n<DIV style=\"BACKGROUND-COLOR: transparent; MARGIN: 0px\"><SPAN style=\"BACKGROUND-COLOR: transparent; FONT-STYLE: normal; FONT-FAMILY: Arial; WHITE-SPACE: pre-wrap; COLOR: rgb(0,0,0); FONT-SIZE: 11pt; VERTICAL-ALIGN: baseline; FONT-WEIGHT: normal; TEXT-DECORATION: none\"><\/SPAN><IMG src=\"\/sopadeganso\/wp-content\/uploads\/sites\/18\"><BR><SPAN style=\"BACKGROUND-COLOR: transparent; FONT-STYLE: normal; FONT-FAMILY: Arial; WHITE-SPACE: pre-wrap; COLOR: rgb(0,0,0); FONT-SIZE: 11pt; VERTICAL-ALIGN: baseline; FONT-WEIGHT: normal; TEXT-DECORATION: none\"><\/SPAN><BR><SPAN style=\"BACKGROUND-COLOR: transparent; FONT-STYLE: normal; FONT-FAMILY: Arial; WHITE-SPACE: pre-wrap; COLOR: rgb(0,0,0); FONT-SIZE: 11pt; VERTICAL-ALIGN: baseline; FONT-WEIGHT: normal; TEXT-DECORATION: none\">Ese es el momento en que sabes que te encuentras con un gran personaje con las ideas muy claras a la hora de ponerse a hacer un vino. Tuvo la suerte de que se encontraran el hambre con las ganas de comer a finales de los 80 para hacer uno de los proyectos m\u00e1s diferenciados, m\u00e1s precisos y m\u00e1s centrados de la Rioja en estos \u00faltimos a\u00f1os. Bodegas Roda es, por encima de todo, una idea clara por hacer un vino que se distingue, que sea capaz de hablar y que sea capaz de transmitir, pero tambi\u00e9n capaz de escuchar, el vino de Roda no es m\u00e1s que un fiel reflejo de quien es su creador, Agust\u00edn Santaolaya es tambi\u00e9n as\u00ed.<\/SPAN><BR><SPAN style=\"BACKGROUND-COLOR: transparent; FONT-STYLE: normal; FONT-FAMILY: Arial; WHITE-SPACE: pre-wrap; COLOR: rgb(0,0,0); FONT-SIZE: 11pt; VERTICAL-ALIGN: baseline; FONT-WEIGHT: normal; TEXT-DECORATION: none\"><\/SPAN><BR><SPAN style=\"BACKGROUND-COLOR: transparent; FONT-STYLE: normal; FONT-FAMILY: Arial; WHITE-SPACE: pre-wrap; COLOR: rgb(0,0,0); FONT-SIZE: 11pt; VERTICAL-ALIGN: baseline; FONT-WEIGHT: normal; TEXT-DECORATION: none\">Nos pase\u00f3 por el 94, 95, 01, 04 y 05 y cada uno ten\u00eda su personalidad, unos m\u00e1s austeros, otros m\u00e1s divertidos, cada uno seg\u00fan el a\u00f1o en el que le hab\u00eda tocado nacer, impresionante que el 94 todav\u00eda mantenga toda la fruta y la elegancia, incre\u00edble c\u00f3mo se comporta el 95, pero es que el 01 est\u00e1 para tomarlo disfrutando de cada sorbo en silencio el 04 y el 05 son dos j\u00f3venes todav\u00eda capaces de madurar pero que saben estar en sociedad con elegancia. Pero hab\u00eda algo detr\u00e1s de esos vinos que dec\u00edan algo m\u00e1s y eso es lo que encontramos todos, como si a cada uno se le hubiera transmitido el mismo secreto familiar que guarda hasta que llega el momento de contarlo y cada uno lo cuenta a su manera. Roda es un gran vino porque transmite una herencia, porque tiene un estilo propio y porque todos los a\u00f1os es un gran vino y eso no se hace por casualidad. <\/SPAN><BR><SPAN style=\"BACKGROUND-COLOR: transparent; FONT-STYLE: normal; FONT-FAMILY: Arial; WHITE-SPACE: pre-wrap; COLOR: rgb(0,0,0); FONT-SIZE: 11pt; VERTICAL-ALIGN: baseline; FONT-WEIGHT: normal; TEXT-DECORATION: none\"><\/SPAN><BR><SPAN style=\"BACKGROUND-COLOR: transparent; FONT-STYLE: normal; FONT-FAMILY: Arial; WHITE-SPACE: pre-wrap; COLOR: rgb(0,0,0); FONT-SIZE: 11pt; VERTICAL-ALIGN: baseline; FONT-WEIGHT: normal; TEXT-DECORATION: none\">Blog escrito escuchando: Mike Manieri &#8211; Northern Lights<\/SPAN><\/DIV><br \/>\n<\/SPAN><\/p>\n<!-- AddThis Advanced Settings generic via filter on the_content --><!-- AddThis Share Buttons generic via filter on the_content -->","protected":false},"excerpt":{"rendered":"<p>Al final de la tarde abrimos un Sela, el vino econ\u00f3mico de la bodega, lo que se conocer\u00eda como el segundo vino de la casa si estuvi\u00e9ramos hablando en franc\u00e9s. Digo que abrimos el Sela casi de casualidad porque hab\u00edamos estado probando las mejores a\u00f1adas de la primera marca y quer\u00edamos ver lo que pasaba. [&hellip;]<!-- AddThis Advanced Settings generic via filter on get_the_excerpt --><!-- AddThis Share Buttons generic via filter on get_the_excerpt --><\/p>\n","protected":false},"author":33,"featured_media":0,"comment_status":"open","ping_status":"closed","sticky":false,"template":"","format":"standard","meta":[],"categories":[2],"tags":[6],"_links":{"self":[{"href":"https:\/\/blogs.diariovasco.com\/sopadeganso\/wp-json\/wp\/v2\/posts\/627"}],"collection":[{"href":"https:\/\/blogs.diariovasco.com\/sopadeganso\/wp-json\/wp\/v2\/posts"}],"about":[{"href":"https:\/\/blogs.diariovasco.com\/sopadeganso\/wp-json\/wp\/v2\/types\/post"}],"author":[{"embeddable":true,"href":"https:\/\/blogs.diariovasco.com\/sopadeganso\/wp-json\/wp\/v2\/users\/33"}],"replies":[{"embeddable":true,"href":"https:\/\/blogs.diariovasco.com\/sopadeganso\/wp-json\/wp\/v2\/comments?post=627"}],"version-history":[{"count":0,"href":"https:\/\/blogs.diariovasco.com\/sopadeganso\/wp-json\/wp\/v2\/posts\/627\/revisions"}],"wp:attachment":[{"href":"https:\/\/blogs.diariovasco.com\/sopadeganso\/wp-json\/wp\/v2\/media?parent=627"}],"wp:term":[{"taxonomy":"category","embeddable":true,"href":"https:\/\/blogs.diariovasco.com\/sopadeganso\/wp-json\/wp\/v2\/categories?post=627"},{"taxonomy":"post_tag","embeddable":true,"href":"https:\/\/blogs.diariovasco.com\/sopadeganso\/wp-json\/wp\/v2\/tags?post=627"}],"curies":[{"name":"wp","href":"https:\/\/api.w.org\/{rel}","templated":true}]}}