{"id":634,"date":"2011-06-27T07:03:54","date_gmt":"2011-06-27T07:03:54","guid":{"rendered":"http:\/\/blogs.diariovasco.com\/sopadeganso\/?p=634"},"modified":"2011-06-27T07:03:54","modified_gmt":"2011-06-27T07:03:54","slug":"vino_de_la_semana_finca_el_carril_valeri_10","status":"publish","type":"post","link":"https:\/\/blogs.diariovasco.com\/sopadeganso\/2011\/06\/27\/vino_de_la_semana_finca_el_carril_valeri_10\/","title":{"rendered":"Vino de la semana &#8211; Finca El Carril Valeria 10"},"content":{"rendered":"<p><SPAN style=\"WIDOWS: 2; TEXT-TRANSFORM: none; TEXT-INDENT: 0px; BORDER-COLLAPSE: separate; FONT: medium 'Times New Roman'; WHITE-SPACE: normal; ORPHANS: 2; LETTER-SPACING: normal; COLOR: rgb(0,0,0); WORD-SPACING: 0px; -webkit-border-horizontal-spacing: 0px; -webkit-border-vertical-spacing: 0px; -webkit-text-decorations-in-effect: none; -webkit-text-size-adjust: auto; -webkit-text-stroke-width: 0px\" class=Apple-style-span><br \/>\n<DIV style=\"BACKGROUND-COLOR: transparent; MARGIN: 0px\"><SPAN style=\"BACKGROUND-COLOR: transparent; FONT-STYLE: normal; FONT-FAMILY: Arial; WHITE-SPACE: pre-wrap; COLOR: rgb(0,0,0); FONT-SIZE: 11pt; VERTICAL-ALIGN: baseline; FONT-WEIGHT: normal; TEXT-DECORATION: none\" id=internal-source-marker_0.7562717648688704><IMG align=left src=\"\/sopadeganso\/wp-content\/uploads\/sites\/18\/Valeria.JPG\">Cuando los famosos se meten en el mundo del vino normalmente lo hacen porque est\u00e1 de moda. De entrada se hace todo a lo grande. Alguien les viene con el proyecto puede que asociado a una bodega ya existente, ellos ponen su nombre y, por supuesto, el dinero, y se beben el vino entre amigos mientras el de la bodega intenta vender las botellas que le corresponden a precios de esc\u00e1ndalo con el \u00fanico argumento de \u201ces el vino de Mengano.\u201d La mayor\u00eda pensaron que se ganaba dinero f\u00e1cil, la mayor\u00eda ahora quieren retirarse y y hacerlo sin dejar muchos cad\u00e1veres por el camino, sobre todo en su cuenta corriente.<\/SPAN><BR><SPAN style=\"BACKGROUND-COLOR: transparent; FONT-STYLE: normal; FONT-FAMILY: Arial; WHITE-SPACE: pre-wrap; COLOR: rgb(0,0,0); FONT-SIZE: 11pt; VERTICAL-ALIGN: baseline; FONT-WEIGHT: normal; TEXT-DECORATION: none\"><\/SPAN><BR><SPAN style=\"BACKGROUND-COLOR: transparent; FONT-STYLE: normal; FONT-FAMILY: Arial; WHITE-SPACE: pre-wrap; COLOR: rgb(0,0,0); FONT-SIZE: 11pt; VERTICAL-ALIGN: baseline; FONT-WEIGHT: normal; TEXT-DECORATION: none\">No parece el caso de Bodega Iniesta, el proyecto de Andr\u00e9s Iniesta parece m\u00e1s un proyecto serio y con largo recorrido porque ha involucrado a su familia y a todo el pueblo. Lo cierto es que compr\u00f3 los vi\u00f1edos hace ya unos cuantos a\u00f1os y ha construido la bodega desde los cimientos. Siete a\u00f1os despu\u00e9s de la construcci\u00f3n saca sus primeros vinos.<\/SPAN><BR><SPAN style=\"BACKGROUND-COLOR: transparent; FONT-STYLE: normal; FONT-FAMILY: Arial; WHITE-SPACE: pre-wrap; COLOR: rgb(0,0,0); FONT-SIZE: 11pt; VERTICAL-ALIGN: baseline; FONT-WEIGHT: normal; TEXT-DECORATION: none\"><\/SPAN><BR><SPAN style=\"BACKGROUND-COLOR: transparent; FONT-STYLE: normal; FONT-FAMILY: Arial; WHITE-SPACE: pre-wrap; COLOR: rgb(0,0,0); FONT-SIZE: 11pt; VERTICAL-ALIGN: baseline; FONT-WEIGHT: normal; TEXT-DECORATION: none\">Finca El Carril Valeria (el nombre de su hija) es un blanco hecho a base de chardonnay y macabeo que tiene algo de barrica, la justa para darle al vino un car\u00e1cter muy especial. Es un vino f\u00e1cil y elegante que puede ir bien en cualquiera de las situaciones que se le pide a un blanco tanto de aperitivo como con los primeros platos. Curioso porque es muy floral, porque la chardonnay se comporta de una manera diferente y porque tiene unos toques anisados que te hace pensar en campos de calor, despejados y secos, pero que te refrescan mucho. Lo m\u00e1s destacado del vino es que no llega a los 9 euros (vinissimus) y esa s\u00ed que es una noticia porque, encima, es el vino m\u00e1s caro de la bodega y es elegante como para costar sobre los 15.<\/SPAN><BR><SPAN style=\"BACKGROUND-COLOR: transparent; FONT-STYLE: normal; FONT-FAMILY: Arial; WHITE-SPACE: pre-wrap; COLOR: rgb(0,0,0); FONT-SIZE: 11pt; VERTICAL-ALIGN: baseline; FONT-WEIGHT: normal; TEXT-DECORATION: none\"><\/SPAN><BR><SPAN style=\"BACKGROUND-COLOR: transparent; FONT-STYLE: normal; FONT-FAMILY: Arial; WHITE-SPACE: pre-wrap; COLOR: rgb(0,0,0); FONT-SIZE: 11pt; VERTICAL-ALIGN: baseline; FONT-WEIGHT: normal; TEXT-DECORATION: none\">Blog escrito escuchando: Jonathan Richman &#8211; Back In Your Life<\/SPAN><\/DIV><br \/>\n<\/SPAN><\/p>\n<!-- AddThis Advanced Settings generic via filter on the_content --><!-- AddThis Share Buttons generic via filter on the_content -->","protected":false},"excerpt":{"rendered":"<p>Cuando los famosos se meten en el mundo del vino normalmente lo hacen porque est\u00e1 de moda. De entrada se hace todo a lo grande. Alguien les viene con el proyecto puede que asociado a una bodega ya existente, ellos ponen su nombre y, por supuesto, el dinero, y se beben el vino entre amigos [&hellip;]<!-- AddThis Advanced Settings generic via filter on get_the_excerpt --><!-- AddThis Share Buttons generic via filter on get_the_excerpt --><\/p>\n","protected":false},"author":33,"featured_media":0,"comment_status":"open","ping_status":"closed","sticky":false,"template":"","format":"standard","meta":[],"categories":[2],"tags":[6],"_links":{"self":[{"href":"https:\/\/blogs.diariovasco.com\/sopadeganso\/wp-json\/wp\/v2\/posts\/634"}],"collection":[{"href":"https:\/\/blogs.diariovasco.com\/sopadeganso\/wp-json\/wp\/v2\/posts"}],"about":[{"href":"https:\/\/blogs.diariovasco.com\/sopadeganso\/wp-json\/wp\/v2\/types\/post"}],"author":[{"embeddable":true,"href":"https:\/\/blogs.diariovasco.com\/sopadeganso\/wp-json\/wp\/v2\/users\/33"}],"replies":[{"embeddable":true,"href":"https:\/\/blogs.diariovasco.com\/sopadeganso\/wp-json\/wp\/v2\/comments?post=634"}],"version-history":[{"count":0,"href":"https:\/\/blogs.diariovasco.com\/sopadeganso\/wp-json\/wp\/v2\/posts\/634\/revisions"}],"wp:attachment":[{"href":"https:\/\/blogs.diariovasco.com\/sopadeganso\/wp-json\/wp\/v2\/media?parent=634"}],"wp:term":[{"taxonomy":"category","embeddable":true,"href":"https:\/\/blogs.diariovasco.com\/sopadeganso\/wp-json\/wp\/v2\/categories?post=634"},{"taxonomy":"post_tag","embeddable":true,"href":"https:\/\/blogs.diariovasco.com\/sopadeganso\/wp-json\/wp\/v2\/tags?post=634"}],"curies":[{"name":"wp","href":"https:\/\/api.w.org\/{rel}","templated":true}]}}