{"id":640,"date":"2011-07-06T06:54:55","date_gmt":"2011-07-06T06:54:55","guid":{"rendered":"http:\/\/blogs.diariovasco.com\/sopadeganso\/?p=640"},"modified":"2011-07-06T06:54:55","modified_gmt":"2011-07-06T06:54:55","slug":"en_sus_manos_el_futuro_de_una_bodega","status":"publish","type":"post","link":"https:\/\/blogs.diariovasco.com\/sopadeganso\/2011\/07\/06\/en_sus_manos_el_futuro_de_una_bodega\/","title":{"rendered":"En sus manos, el futuro de una bodega"},"content":{"rendered":"<p><SPAN style=\"WIDOWS: 2; TEXT-TRANSFORM: none; TEXT-INDENT: 0px; BORDER-COLLAPSE: separate; FONT: medium 'Times New Roman'; WHITE-SPACE: normal; ORPHANS: 2; LETTER-SPACING: normal; COLOR: rgb(0,0,0); WORD-SPACING: 0px; -webkit-border-horizontal-spacing: 0px; -webkit-border-vertical-spacing: 0px; -webkit-text-decorations-in-effect: none; -webkit-text-size-adjust: auto; -webkit-text-stroke-width: 0px\" class=Apple-style-span><br \/>\n<DIV style=\"BACKGROUND-COLOR: transparent; MARGIN: 0px\"><SPAN style=\"BACKGROUND-COLOR: transparent; FONT-VARIANT: normal; FONT-STYLE: normal; FONT-FAMILY: Arial; WHITE-SPACE: pre-wrap; COLOR: rgb(0,0,0); FONT-SIZE: 11pt; VERTICAL-ALIGN: baseline; FONT-WEIGHT: normal; TEXT-DECORATION: none\" id=internal-source-marker_0.30792861548252404><IMG src=\"\/sopadeganso\/wp-content\/uploads\/sites\/18\/JayMiller.JPG\"><\/SPAN><\/DIV><br \/>\n<DIV style=\"BACKGROUND-COLOR: transparent; MARGIN: 0px\"><SPAN style=\"BACKGROUND-COLOR: transparent; FONT-VARIANT: normal; FONT-STYLE: normal; FONT-FAMILY: Arial; WHITE-SPACE: pre-wrap; COLOR: rgb(0,0,0); FONT-SIZE: 11pt; VERTICAL-ALIGN: baseline; FONT-WEIGHT: normal; TEXT-DECORATION: none\">Estos dos se\u00f1ores de la fotograf\u00eda son los que llevan los designios de las bodegas de Espa\u00f1a.<\/SPAN><BR><SPAN style=\"BACKGROUND-COLOR: transparent; FONT-VARIANT: normal; FONT-STYLE: normal; FONT-FAMILY: Arial; WHITE-SPACE: pre-wrap; COLOR: rgb(0,0,0); FONT-SIZE: 11pt; VERTICAL-ALIGN: baseline; FONT-WEIGHT: normal; TEXT-DECORATION: none\"><\/SPAN><BR><SPAN style=\"BACKGROUND-COLOR: transparent; FONT-VARIANT: normal; FONT-STYLE: normal; FONT-FAMILY: Arial; WHITE-SPACE: pre-wrap; COLOR: rgb(0,0,0); FONT-SIZE: 11pt; VERTICAL-ALIGN: baseline; FONT-WEIGHT: normal; TEXT-DECORATION: none\">El de la izquierda es Jay Miller, el americano que punt\u00faa los vinos de Espa\u00f1a para Robert Parker en la revista The Wine Advocate. El de la derecha, que acaba de dejar la botella de agua de la que beb\u00eda a morro, es el nuevo amigo de Parker y Miller en Espa\u00f1a, es Pancho Campo MW (Master of Wine). <\/SPAN><BR><SPAN style=\"BACKGROUND-COLOR: transparent; FONT-VARIANT: normal; FONT-STYLE: normal; FONT-FAMILY: Arial; WHITE-SPACE: pre-wrap; COLOR: rgb(0,0,0); FONT-SIZE: 11pt; VERTICAL-ALIGN: baseline; FONT-WEIGHT: normal; TEXT-DECORATION: none\"><\/SPAN><BR><SPAN style=\"BACKGROUND-COLOR: transparent; FONT-VARIANT: normal; FONT-STYLE: normal; FONT-FAMILY: Arial; WHITE-SPACE: pre-wrap; COLOR: rgb(0,0,0); FONT-SIZE: 11pt; VERTICAL-ALIGN: baseline; FONT-WEIGHT: normal; TEXT-DECORATION: none\">Invitados por la DO Navarra estaban frente a 150 personas aseadas, la mayor\u00eda de ellas bodegueros, respondiendo a sus dudas sobre el mercado americano.<\/SPAN><BR><SPAN style=\"BACKGROUND-COLOR: transparent; FONT-VARIANT: normal; FONT-STYLE: normal; FONT-FAMILY: Arial; WHITE-SPACE: pre-wrap; COLOR: rgb(0,0,0); FONT-SIZE: 11pt; VERTICAL-ALIGN: baseline; FONT-WEIGHT: normal; TEXT-DECORATION: none\"><\/SPAN><BR><SPAN style=\"BACKGROUND-COLOR: transparent; FONT-VARIANT: normal; FONT-STYLE: normal; FONT-FAMILY: Arial; WHITE-SPACE: pre-wrap; COLOR: rgb(0,0,0); FONT-SIZE: 11pt; VERTICAL-ALIGN: baseline; FONT-WEIGHT: normal; TEXT-DECORATION: none\">Catamos 14 vinos que eligieron ambos, alabaron las bodegas de esos vinos elegidos (los dem\u00e1s se ve que no fueron \u201clos elegidos\u201d) y puntuaron alg\u00fan vino frente a la concurrencia. 20 segundos despu\u00e9s de met\u00e9rselo en boca Jay Miller pudo decir: \u201cI give your wine a 91\u201d<\/SPAN><BR><SPAN style=\"BACKGROUND-COLOR: transparent; FONT-VARIANT: normal; FONT-STYLE: normal; FONT-FAMILY: Arial; WHITE-SPACE: pre-wrap; COLOR: rgb(0,0,0); FONT-SIZE: 11pt; VERTICAL-ALIGN: baseline; FONT-WEIGHT: normal; TEXT-DECORATION: none\"><\/SPAN><BR><SPAN style=\"BACKGROUND-COLOR: transparent; FONT-VARIANT: normal; FONT-STYLE: normal; FONT-FAMILY: Arial; WHITE-SPACE: pre-wrap; COLOR: rgb(0,0,0); FONT-SIZE: 11pt; VERTICAL-ALIGN: baseline; FONT-WEIGHT: normal; TEXT-DECORATION: none\">Una conclusi\u00f3n de Jay Miller: \u201cLa uva garnacha es la que realmente distingue a Navarra y deben ustedes centrarse en esa uva para disnguirse en un mercado saturado.\u201d La conclusi\u00f3n de Pancho Campo: \u201cDeben ustedes centrarse en la Navarra Blend, ya que ten\u00e9is tantas vairedades que se adaptan perfectamente a vuestras tierras y consegu\u00eds tantos vinos diferentes con ellos.\u201d<\/SPAN><BR><SPAN style=\"BACKGROUND-COLOR: transparent; FONT-VARIANT: normal; FONT-STYLE: normal; FONT-FAMILY: Arial; WHITE-SPACE: pre-wrap; COLOR: rgb(0,0,0); FONT-SIZE: 11pt; VERTICAL-ALIGN: baseline; FONT-WEIGHT: normal; TEXT-DECORATION: none\"><\/SPAN><BR><SPAN style=\"BACKGROUND-COLOR: transparent; FONT-VARIANT: normal; FONT-STYLE: normal; FONT-FAMILY: Arial; WHITE-SPACE: pre-wrap; COLOR: rgb(0,0,0); FONT-SIZE: 11pt; VERTICAL-ALIGN: baseline; FONT-WEIGHT: normal; TEXT-DECORATION: none\">Pues eso. Conclusiones para todos los gustos. \u00a1Ah! Casi se me olvida, Pancho Campo se lo dijo claramente a un bodeguero: \u201cTu distribuidor no trabaja.\u201d por si le quedaba alguna duda.<\/SPAN><BR><SPAN style=\"BACKGROUND-COLOR: transparent; FONT-VARIANT: normal; FONT-STYLE: normal; FONT-FAMILY: Arial; WHITE-SPACE: pre-wrap; COLOR: rgb(0,0,0); FONT-SIZE: 11pt; VERTICAL-ALIGN: baseline; FONT-WEIGHT: normal; TEXT-DECORATION: none\"><\/SPAN><BR><SPAN style=\"BACKGROUND-COLOR: transparent; FONT-VARIANT: normal; FONT-STYLE: normal; FONT-FAMILY: Arial; WHITE-SPACE: pre-wrap; COLOR: rgb(0,0,0); FONT-SIZE: 11pt; VERTICAL-ALIGN: baseline; FONT-WEIGHT: normal; TEXT-DECORATION: none\">Blog escrito escuchando: Presuntos Implicados &#8211; Grandes \u00e9xitos<\/SPAN><BR><SPAN style=\"BACKGROUND-COLOR: transparent; FONT-VARIANT: normal; FONT-STYLE: normal; FONT-FAMILY: Arial; WHITE-SPACE: pre-wrap; COLOR: rgb(0,0,0); FONT-SIZE: 11pt; VERTICAL-ALIGN: baseline; FONT-WEIGHT: normal; TEXT-DECORATION: none\"><\/SPAN><BR><SPAN style=\"BACKGROUND-COLOR: transparent; FONT-VARIANT: normal; FONT-STYLE: normal; FONT-FAMILY: Arial; WHITE-SPACE: pre-wrap; COLOR: rgb(0,0,0); FONT-SIZE: 11pt; VERTICAL-ALIGN: baseline; FONT-WEIGHT: normal; TEXT-DECORATION: none\">La foto es de Dani Corman<\/SPAN><\/DIV><br \/>\n<\/SPAN><\/p>\n<!-- AddThis Advanced Settings generic via filter on the_content --><!-- AddThis Share Buttons generic via filter on the_content -->","protected":false},"excerpt":{"rendered":"<p>Estos dos se\u00f1ores de la fotograf\u00eda son los que llevan los designios de las bodegas de Espa\u00f1a.El de la izquierda es Jay Miller, el americano que punt\u00faa los vinos de Espa\u00f1a para Robert Parker en la revista The Wine Advocate. El de la derecha, que acaba de dejar la botella de agua de la que [&hellip;]<!-- AddThis Advanced Settings generic via filter on get_the_excerpt --><!-- AddThis Share Buttons generic via filter on get_the_excerpt --><\/p>\n","protected":false},"author":33,"featured_media":0,"comment_status":"open","ping_status":"closed","sticky":false,"template":"","format":"standard","meta":[],"categories":[2],"tags":[6],"_links":{"self":[{"href":"https:\/\/blogs.diariovasco.com\/sopadeganso\/wp-json\/wp\/v2\/posts\/640"}],"collection":[{"href":"https:\/\/blogs.diariovasco.com\/sopadeganso\/wp-json\/wp\/v2\/posts"}],"about":[{"href":"https:\/\/blogs.diariovasco.com\/sopadeganso\/wp-json\/wp\/v2\/types\/post"}],"author":[{"embeddable":true,"href":"https:\/\/blogs.diariovasco.com\/sopadeganso\/wp-json\/wp\/v2\/users\/33"}],"replies":[{"embeddable":true,"href":"https:\/\/blogs.diariovasco.com\/sopadeganso\/wp-json\/wp\/v2\/comments?post=640"}],"version-history":[{"count":0,"href":"https:\/\/blogs.diariovasco.com\/sopadeganso\/wp-json\/wp\/v2\/posts\/640\/revisions"}],"wp:attachment":[{"href":"https:\/\/blogs.diariovasco.com\/sopadeganso\/wp-json\/wp\/v2\/media?parent=640"}],"wp:term":[{"taxonomy":"category","embeddable":true,"href":"https:\/\/blogs.diariovasco.com\/sopadeganso\/wp-json\/wp\/v2\/categories?post=640"},{"taxonomy":"post_tag","embeddable":true,"href":"https:\/\/blogs.diariovasco.com\/sopadeganso\/wp-json\/wp\/v2\/tags?post=640"}],"curies":[{"name":"wp","href":"https:\/\/api.w.org\/{rel}","templated":true}]}}