{"id":645,"date":"2011-07-18T07:08:37","date_gmt":"2011-07-18T07:08:37","guid":{"rendered":"http:\/\/blogs.diariovasco.com\/sopadeganso\/?p=645"},"modified":"2011-07-18T07:08:37","modified_gmt":"2011-07-18T07:08:37","slug":"vino_de_la_semana_freixenet_brut_barroco","status":"publish","type":"post","link":"https:\/\/blogs.diariovasco.com\/sopadeganso\/2011\/07\/18\/vino_de_la_semana_freixenet_brut_barroco\/","title":{"rendered":"Vino de la semana &#8211; Freixenet Brut Barroco"},"content":{"rendered":"<p><SPAN style=\"WIDOWS: 2; TEXT-TRANSFORM: none; TEXT-INDENT: 0px; BORDER-COLLAPSE: separate; FONT: medium 'Times New Roman'; WHITE-SPACE: normal; ORPHANS: 2; LETTER-SPACING: normal; COLOR: rgb(0,0,0); WORD-SPACING: 0px; -webkit-border-horizontal-spacing: 0px; -webkit-border-vertical-spacing: 0px; -webkit-text-decorations-in-effect: none; -webkit-text-size-adjust: auto; -webkit-text-stroke-width: 0px\" class=Apple-style-span><br \/>\n<DIV style=\"BACKGROUND-COLOR: transparent; MARGIN: 0px\"><SPAN style=\"BACKGROUND-COLOR: transparent; FONT-VARIANT: normal; FONT-STYLE: normal; FONT-FAMILY: Arial; WHITE-SPACE: pre-wrap; COLOR: rgb(0,0,0); FONT-SIZE: 11pt; VERTICAL-ALIGN: baseline; FONT-WEIGHT: normal; TEXT-DECORATION: none\" id=internal-source-marker_0.6282624090090394><IMG style=\"WIDTH: 115px; HEIGHT: 359px\" align=left src=\"\/sopadeganso\/wp-content\/uploads\/sites\/18\" width=125 height=383>Es la empresa m\u00e1s grande del cava, vende en todo el mundo sin problemas pero no ha olvidado sus or\u00edgenes, no ha olvidado que la verdadera raz\u00f3n de ser de la empresa fue la de hacer un gran cava y lo siguen haciendo. Y, como siempre, s\u00f3lo hablo del cava cuando merece la pena incluirlo en la gastronom\u00eda a pesar de lo que hacen las marcas (incluida Freixenet que este domingo se ha visto en todas los triunfos motocilistas) para incluir la bebida en las celebraciones m\u00e1s importantes. Un cava como este Brut Barroco es para disfrutar copa a copa, perfecto para un aperitivo o para estar sentado en una terraza.<\/SPAN><BR><SPAN style=\"BACKGROUND-COLOR: transparent; FONT-VARIANT: normal; FONT-STYLE: normal; FONT-FAMILY: Arial; WHITE-SPACE: pre-wrap; COLOR: rgb(0,0,0); FONT-SIZE: 11pt; VERTICAL-ALIGN: baseline; FONT-WEIGHT: normal; TEXT-DECORATION: none\"><\/SPAN><BR><SPAN style=\"BACKGROUND-COLOR: transparent; FONT-VARIANT: normal; FONT-STYLE: normal; FONT-FAMILY: Arial; WHITE-SPACE: pre-wrap; COLOR: rgb(0,0,0); FONT-SIZE: 11pt; VERTICAL-ALIGN: baseline; FONT-WEIGHT: normal; TEXT-DECORATION: none\">Este cava es una especie de cava de museo porque lleva las tres uvas cl\u00e1sicas, xarelo, parellada y viura (que ellos llaman macabeu) pero lo que m\u00e1s me fascina de estas tres uvas es la posibilidad de dar todo lo que dan de s\u00ed. Depende de la tierra, de los vi\u00f1edos, de c\u00f3mo se trata la recogida y c\u00f3mo se trata el vino para que todo sea diferente. Depende de las intenciones de un en\u00f3logo para que todo sea diferente.<\/SPAN><BR><SPAN style=\"BACKGROUND-COLOR: transparent; FONT-VARIANT: normal; FONT-STYLE: normal; FONT-FAMILY: Arial; WHITE-SPACE: pre-wrap; COLOR: rgb(0,0,0); FONT-SIZE: 11pt; VERTICAL-ALIGN: baseline; FONT-WEIGHT: normal; TEXT-DECORATION: none\"><\/SPAN><BR><SPAN style=\"BACKGROUND-COLOR: transparent; FONT-VARIANT: normal; FONT-STYLE: normal; FONT-FAMILY: Arial; WHITE-SPACE: pre-wrap; COLOR: rgb(0,0,0); FONT-SIZE: 11pt; VERTICAL-ALIGN: baseline; FONT-WEIGHT: normal; TEXT-DECORATION: none\">En este caso concreto hay mucho c\u00edtrico limpio, mucha frescura, lo que m\u00e1s me gusta de este estilo de cavas es su frescura y despu\u00e9s esa capacidad de darte algunos frutos secos, ligeros, su consistencia pero sin el amargo final, son m\u00e1s de 24 meses de crianza y eso acaba por notarse. Lo que m\u00e1s me apetece es precisamente eso, saber que un gran vino ha estado en la bodega el tiempo necesario para que lo disfrutemos el com\u00fan de los mortales. Y este vino se puede disfrutar durante el pr\u00f3ximo Heineken Jazzaldia en San Sebasti\u00e1n.<\/SPAN><BR><SPAN style=\"BACKGROUND-COLOR: transparent; FONT-VARIANT: normal; FONT-STYLE: normal; FONT-FAMILY: Arial; WHITE-SPACE: pre-wrap; COLOR: rgb(0,0,0); FONT-SIZE: 11pt; VERTICAL-ALIGN: baseline; FONT-WEIGHT: normal; TEXT-DECORATION: none\"><\/SPAN><BR><SPAN style=\"BACKGROUND-COLOR: transparent; FONT-VARIANT: normal; FONT-STYLE: normal; FONT-FAMILY: Arial; WHITE-SPACE: pre-wrap; COLOR: rgb(0,0,0); FONT-SIZE: 11pt; VERTICAL-ALIGN: baseline; FONT-WEIGHT: normal; TEXT-DECORATION: none\">Blog escrito escuchando: B.B. King &#8211; You\u2019re Gonna Make It<\/SPAN><\/DIV><br \/>\n<\/SPAN><\/p>\n<!-- AddThis Advanced Settings generic via filter on the_content --><!-- AddThis Share Buttons generic via filter on the_content -->","protected":false},"excerpt":{"rendered":"<p>Es la empresa m\u00e1s grande del cava, vende en todo el mundo sin problemas pero no ha olvidado sus or\u00edgenes, no ha olvidado que la verdadera raz\u00f3n de ser de la empresa fue la de hacer un gran cava y lo siguen haciendo. Y, como siempre, s\u00f3lo hablo del cava cuando merece la pena incluirlo [&hellip;]<!-- AddThis Advanced Settings generic via filter on get_the_excerpt --><!-- AddThis Share Buttons generic via filter on get_the_excerpt --><\/p>\n","protected":false},"author":33,"featured_media":0,"comment_status":"open","ping_status":"closed","sticky":false,"template":"","format":"standard","meta":[],"categories":[2],"tags":[6],"_links":{"self":[{"href":"https:\/\/blogs.diariovasco.com\/sopadeganso\/wp-json\/wp\/v2\/posts\/645"}],"collection":[{"href":"https:\/\/blogs.diariovasco.com\/sopadeganso\/wp-json\/wp\/v2\/posts"}],"about":[{"href":"https:\/\/blogs.diariovasco.com\/sopadeganso\/wp-json\/wp\/v2\/types\/post"}],"author":[{"embeddable":true,"href":"https:\/\/blogs.diariovasco.com\/sopadeganso\/wp-json\/wp\/v2\/users\/33"}],"replies":[{"embeddable":true,"href":"https:\/\/blogs.diariovasco.com\/sopadeganso\/wp-json\/wp\/v2\/comments?post=645"}],"version-history":[{"count":0,"href":"https:\/\/blogs.diariovasco.com\/sopadeganso\/wp-json\/wp\/v2\/posts\/645\/revisions"}],"wp:attachment":[{"href":"https:\/\/blogs.diariovasco.com\/sopadeganso\/wp-json\/wp\/v2\/media?parent=645"}],"wp:term":[{"taxonomy":"category","embeddable":true,"href":"https:\/\/blogs.diariovasco.com\/sopadeganso\/wp-json\/wp\/v2\/categories?post=645"},{"taxonomy":"post_tag","embeddable":true,"href":"https:\/\/blogs.diariovasco.com\/sopadeganso\/wp-json\/wp\/v2\/tags?post=645"}],"curies":[{"name":"wp","href":"https:\/\/api.w.org\/{rel}","templated":true}]}}