{"id":648,"date":"2011-07-28T07:03:27","date_gmt":"2011-07-28T07:03:27","guid":{"rendered":"http:\/\/blogs.diariovasco.com\/sopadeganso\/?p=648"},"modified":"2011-07-28T07:03:27","modified_gmt":"2011-07-28T07:03:27","slug":"fotos_a_los_artistas","status":"publish","type":"post","link":"https:\/\/blogs.diariovasco.com\/sopadeganso\/2011\/07\/28\/fotos_a_los_artistas\/","title":{"rendered":"Fotos a los artistas"},"content":{"rendered":"<p><SPAN style=\"WIDOWS: 2; TEXT-TRANSFORM: none; TEXT-INDENT: 0px; BORDER-COLLAPSE: separate; FONT: medium 'Times New Roman'; WHITE-SPACE: normal; ORPHANS: 2; LETTER-SPACING: normal; COLOR: rgb(0,0,0); WORD-SPACING: 0px; -webkit-border-horizontal-spacing: 0px; -webkit-border-vertical-spacing: 0px; -webkit-text-decorations-in-effect: none; -webkit-text-size-adjust: auto; -webkit-text-stroke-width: 0px\" class=Apple-style-span><br \/>\n<DIV style=\"BACKGROUND-COLOR: transparent\"><SPAN style=\"BACKGROUND-COLOR: transparent; FONT-VARIANT: normal; FONT-STYLE: normal; FONT-FAMILY: Arial; WHITE-SPACE: pre-wrap; COLOR: rgb(0,0,0); FONT-SIZE: 11pt; VERTICAL-ALIGN: baseline; FONT-WEIGHT: normal; TEXT-DECORATION: none\" id=internal-source-marker_0.7230014118831605>No les gusta que se saquen fotos en los templos. Pero no pasa nada. Iglesias renacentistas las hay en las que no ves m\u00e1s que a la gente con el brazo levantado con el m\u00f3vil en la mano, con flash o sin \u00e9l, sac\u00e1ndose las fotos de rigor. \u00bfCu\u00e1l es realmente el problema? Con el David de Miguel Angel (el aut\u00e9ntico) tengo yo una foto cuando est\u00e1 prohibid\u00edsimo y, que yo sepa, no se ha caido ni ha perdido su alma. El grupo Fat Duck con su l\u00edder Heston Blumenthal a la cabeza, me conmin\u00f3 a que dejara de hacer fotos inmediatamente o sal\u00eda del local.<\/SPAN><BR><SPAN style=\"BACKGROUND-COLOR: transparent; FONT-VARIANT: normal; FONT-STYLE: normal; FONT-FAMILY: Arial; WHITE-SPACE: pre-wrap; COLOR: rgb(0,0,0); FONT-SIZE: 11pt; VERTICAL-ALIGN: baseline; FONT-WEIGHT: normal; TEXT-DECORATION: none\"><\/SPAN><BR><SPAN style=\"BACKGROUND-COLOR: transparent; FONT-VARIANT: normal; FONT-STYLE: normal; FONT-FAMILY: Arial; WHITE-SPACE: pre-wrap; COLOR: rgb(0,0,0); FONT-SIZE: 11pt; VERTICAL-ALIGN: baseline; FONT-WEIGHT: normal; TEXT-DECORATION: none\">El flash molesta, pues se hace sin flash. Molestas a los que est\u00e1n a tu alrededor, pues lo haces sentadito en tu sitio sin moverte. Y aun y todo los hay que se sienten mal. Que si s\u00f3lo cuando yo lo diga, entonces me pierdo todo lo dem\u00e1s, que es donde puede estar lo realmente interesante. Es que has venido a disfrutar y todos esos movimientos le quitan magia al momento art\u00edstico que has venido a disfrutar. Pues mire usted, a mi me gusta recordar los momentos m\u00e1gicos a trav\u00e9s de las fotos.<\/SPAN><BR><SPAN style=\"BACKGROUND-COLOR: transparent; FONT-VARIANT: normal; FONT-STYLE: normal; FONT-FAMILY: Arial; WHITE-SPACE: pre-wrap; COLOR: rgb(0,0,0); FONT-SIZE: 11pt; VERTICAL-ALIGN: baseline; FONT-WEIGHT: normal; TEXT-DECORATION: none\"><\/SPAN><BR><SPAN style=\"BACKGROUND-COLOR: transparent; FONT-VARIANT: normal; FONT-STYLE: normal; FONT-FAMILY: Arial; WHITE-SPACE: pre-wrap; COLOR: rgb(0,0,0); FONT-SIZE: 11pt; VERTICAL-ALIGN: baseline; FONT-WEIGHT: normal; TEXT-DECORATION: none\">S\u00f3lo profesionales piensan otros y no tiene por qu\u00e9 ser as\u00ed. Parece mucho m\u00e1s molesto que te saquen un aparato del tama\u00f1o de un bazuca que un min\u00fasculo m\u00f3vil que te metes en el bolsillo. <\/SPAN><SPAN style=\"BACKGROUND-COLOR: transparent; FONT-VARIANT: normal; FONT-STYLE: normal; FONT-FAMILY: Arial; WHITE-SPACE: pre-wrap; COLOR: rgb(0,0,0); FONT-SIZE: 11pt; VERTICAL-ALIGN: baseline; FONT-WEIGHT: normal; TEXT-DECORATION: none\">Lo s\u00e9 porque lo he vivido y es un cante. Y, adem\u00e1s, resulta que las fotos r\u00e1pidas, las de los m\u00f3viles llegan a cientos y a miles de personas a trav\u00e9s de la red en el mismo instante en que se est\u00e1 produciendo el hecho art\u00edstico que las fotos de los profesionales que a saber tu para qu\u00e9 las quieren. <\/SPAN><BR><SPAN style=\"BACKGROUND-COLOR: transparent; FONT-VARIANT: normal; FONT-STYLE: normal; FONT-FAMILY: Arial; WHITE-SPACE: pre-wrap; COLOR: rgb(0,0,0); FONT-SIZE: 11pt; VERTICAL-ALIGN: baseline; FONT-WEIGHT: normal; TEXT-DECORATION: none\"><\/SPAN><BR><SPAN style=\"BACKGROUND-COLOR: transparent; FONT-VARIANT: normal; FONT-STYLE: normal; FONT-FAMILY: Arial; WHITE-SPACE: pre-wrap; COLOR: rgb(0,0,0); FONT-SIZE: 11pt; VERTICAL-ALIGN: baseline; FONT-WEIGHT: normal; TEXT-DECORATION: none\">Per Se pretende dar a quien quiera hacer fotos, unas de estudio despu\u00e9s de la actuaci\u00f3n \u00bfpara qu\u00e9? entonces se pierde la frescura e incluso la imperfecci\u00f3n de la realidad. Hay quien incluso prohibe tomar notas y la pr\u00b4xoima ser\u00e1 dejar de pensar.<\/SPAN><BR><SPAN style=\"BACKGROUND-COLOR: transparent; FONT-VARIANT: normal; FONT-STYLE: normal; FONT-FAMILY: Arial; WHITE-SPACE: pre-wrap; COLOR: rgb(0,0,0); FONT-SIZE: 11pt; VERTICAL-ALIGN: baseline; FONT-WEIGHT: normal; TEXT-DECORATION: none\"><\/SPAN><BR><SPAN style=\"BACKGROUND-COLOR: transparent; FONT-VARIANT: normal; FONT-STYLE: normal; FONT-FAMILY: Arial; WHITE-SPACE: pre-wrap; COLOR: rgb(0,0,0); FONT-SIZE: 11pt; VERTICAL-ALIGN: baseline; FONT-WEIGHT: normal; TEXT-DECORATION: none\">Yo creo que el artista a veces se pasa en sus imposiciones y encima luego les encanta a todos los cocineros que les saques cuatro l\u00edneas de su restaurante con fotos incluidas. \u00bfHe dicho ya que me he conseguido un m\u00f3vil nuevo que hace fotos de 5 MPS? Pues eso, ahora me saldr\u00e1n mejor y no pienso parar.<\/SPAN><BR><SPAN style=\"BACKGROUND-COLOR: transparent; FONT-VARIANT: normal; FONT-STYLE: normal; FONT-FAMILY: Arial; WHITE-SPACE: pre-wrap; COLOR: rgb(0,0,0); FONT-SIZE: 11pt; VERTICAL-ALIGN: baseline; FONT-WEIGHT: normal; TEXT-DECORATION: none\"><\/SPAN><BR><SPAN style=\"BACKGROUND-COLOR: transparent; FONT-VARIANT: normal; FONT-STYLE: normal; FONT-FAMILY: Arial; WHITE-SPACE: pre-wrap; COLOR: rgb(0,0,0); FONT-SIZE: 11pt; VERTICAL-ALIGN: baseline; FONT-WEIGHT: normal; TEXT-DECORATION: none\">Blog escrito escuchando: Genya Ravan &#8211; Urban Desire (qu\u00e9 pedazo de disco)<\/SPAN><\/DIV><br \/>\n<\/SPAN><\/p>\n<!-- AddThis Advanced Settings generic via filter on the_content --><!-- AddThis Share Buttons generic via filter on the_content -->","protected":false},"excerpt":{"rendered":"<p>No les gusta que se saquen fotos en los templos. Pero no pasa nada. Iglesias renacentistas las hay en las que no ves m\u00e1s que a la gente con el brazo levantado con el m\u00f3vil en la mano, con flash o sin \u00e9l, sac\u00e1ndose las fotos de rigor. \u00bfCu\u00e1l es realmente el problema? Con el [&hellip;]<!-- AddThis Advanced Settings generic via filter on get_the_excerpt --><!-- AddThis Share Buttons generic via filter on get_the_excerpt --><\/p>\n","protected":false},"author":33,"featured_media":0,"comment_status":"open","ping_status":"closed","sticky":false,"template":"","format":"standard","meta":[],"categories":[2],"tags":[6],"_links":{"self":[{"href":"https:\/\/blogs.diariovasco.com\/sopadeganso\/wp-json\/wp\/v2\/posts\/648"}],"collection":[{"href":"https:\/\/blogs.diariovasco.com\/sopadeganso\/wp-json\/wp\/v2\/posts"}],"about":[{"href":"https:\/\/blogs.diariovasco.com\/sopadeganso\/wp-json\/wp\/v2\/types\/post"}],"author":[{"embeddable":true,"href":"https:\/\/blogs.diariovasco.com\/sopadeganso\/wp-json\/wp\/v2\/users\/33"}],"replies":[{"embeddable":true,"href":"https:\/\/blogs.diariovasco.com\/sopadeganso\/wp-json\/wp\/v2\/comments?post=648"}],"version-history":[{"count":0,"href":"https:\/\/blogs.diariovasco.com\/sopadeganso\/wp-json\/wp\/v2\/posts\/648\/revisions"}],"wp:attachment":[{"href":"https:\/\/blogs.diariovasco.com\/sopadeganso\/wp-json\/wp\/v2\/media?parent=648"}],"wp:term":[{"taxonomy":"category","embeddable":true,"href":"https:\/\/blogs.diariovasco.com\/sopadeganso\/wp-json\/wp\/v2\/categories?post=648"},{"taxonomy":"post_tag","embeddable":true,"href":"https:\/\/blogs.diariovasco.com\/sopadeganso\/wp-json\/wp\/v2\/tags?post=648"}],"curies":[{"name":"wp","href":"https:\/\/api.w.org\/{rel}","templated":true}]}}