{"id":652,"date":"2011-08-04T07:00:22","date_gmt":"2011-08-04T07:00:22","guid":{"rendered":"http:\/\/blogs.diariovasco.com\/sopadeganso\/?p=652"},"modified":"2011-08-04T07:00:22","modified_gmt":"2011-08-04T07:00:22","slug":"la_senda_de_los_pintxos_io_de_los_elefan","status":"publish","type":"post","link":"https:\/\/blogs.diariovasco.com\/sopadeganso\/2011\/08\/04\/la_senda_de_los_pintxos_io_de_los_elefan\/","title":{"rendered":"La senda de los pintxos \u00bfo de los elefantes?"},"content":{"rendered":"<p><P><SPAN style=\"BACKGROUND-COLOR: transparent; FONT-VARIANT: normal; FONT-STYLE: normal; FONT-FAMILY: Arial; COLOR: #000000; FONT-SIZE: 11pt; VERTICAL-ALIGN: baseline; FONT-WEIGHT: normal; TEXT-DECORATION: none\" id=internal-source-marker_0.23944514124071803>\u201cCon el un dos tres cuatro, con el un dos tres cuatro&#8230;<\/SPAN><BR><SPAN style=\"BACKGROUND-COLOR: transparent; FONT-VARIANT: normal; FONT-STYLE: normal; FONT-FAMILY: Arial; COLOR: #000000; FONT-SIZE: 11pt; VERTICAL-ALIGN: baseline; FONT-WEIGHT: normal; TEXT-DECORATION: none\"><\/SPAN><BR><SPAN style=\"BACKGROUND-COLOR: transparent; FONT-VARIANT: normal; FONT-STYLE: normal; FONT-FAMILY: Arial; COLOR: #000000; FONT-SIZE: 11pt; VERTICAL-ALIGN: baseline; FONT-WEIGHT: normal; TEXT-DECORATION: none\">Pelotoooon, canci\u00f3n<\/SPAN><BR><SPAN style=\"BACKGROUND-COLOR: transparent; FONT-VARIANT: normal; FONT-STYLE: normal; FONT-FAMILY: Arial; COLOR: #000000; FONT-SIZE: 11pt; VERTICAL-ALIGN: baseline; FONT-WEIGHT: normal; TEXT-DECORATION: none\"><\/SPAN><BR><SPAN style=\"BACKGROUND-COLOR: transparent; FONT-VARIANT: normal; FONT-STYLE: normal; FONT-FAMILY: Arial; COLOR: #000000; FONT-SIZE: 11pt; VERTICAL-ALIGN: baseline; FONT-WEIGHT: normal; TEXT-DECORATION: none\">Nuestra \u00fanica misi\u00f3n, es marchar con decisi\u00f3n, hay que conservar nuestra tradici\u00f3n en estilo militar. Por la jungla hay que marchar, con un paso muy marcial, pisoteando hierba y matorral con estilo militar&#8230;\u201d<\/SPAN><BR><SPAN style=\"BACKGROUND-COLOR: transparent; FONT-VARIANT: normal; FONT-STYLE: normal; FONT-FAMILY: Arial; COLOR: #000000; FONT-SIZE: 11pt; VERTICAL-ALIGN: baseline; FONT-WEIGHT: normal; TEXT-DECORATION: none\"><\/SPAN><BR><SPAN style=\"BACKGROUND-COLOR: transparent; FONT-VARIANT: normal; FONT-STYLE: normal; FONT-FAMILY: Arial; COLOR: #000000; FONT-SIZE: 11pt; VERTICAL-ALIGN: baseline; FONT-WEIGHT: normal; TEXT-DECORATION: none\">Yo s\u00ed lo recuerdo, es la senda de los elefantes, el desfile de El libro de la selva, la pel\u00edcula de Disney. <\/SPAN><BR><SPAN style=\"BACKGROUND-COLOR: transparent; FONT-VARIANT: normal; FONT-STYLE: normal; FONT-FAMILY: Arial; COLOR: #000000; FONT-SIZE: 11pt; VERTICAL-ALIGN: baseline; FONT-WEIGHT: normal; TEXT-DECORATION: none\"><\/SPAN><BR><SPAN style=\"BACKGROUND-COLOR: transparent; FONT-VARIANT: normal; FONT-STYLE: normal; FONT-FAMILY: Arial; COLOR: #000000; FONT-SIZE: 11pt; VERTICAL-ALIGN: baseline; FONT-WEIGHT: normal; TEXT-DECORATION: none\"><IMG align=left src=\"\/sopadeganso\/wp-content\/uploads\/sites\/18\" width=109 height=163>Esta es La senda de los pintxos, 100 bares para celebrar el n\u00famero 200 de la revista Donostia Aisia (14 a\u00f1os ya), una gu\u00eda de ocio y gastronom\u00eda que editan Josema Azpeitia y Ritxar Tolosa (otro recuerdo para Andoni) desde el a\u00f1o 97. De una secci\u00f3n de la revista sale este libro, cada bar en orden alfab\u00e9tico con su pintxo, a veces es el m\u00e1s representativo, otras el \u00faltimo que han creado. A\u00f1adir a eso la elaboraci\u00f3n del pintxo, no es que importe mucho porque lo realmente interesante es hacer la senda por todos los bares. S\u00ed, se echa de menos un mapa precisamente para hacer la senda.<\/SPAN><BR><SPAN style=\"BACKGROUND-COLOR: transparent; FONT-VARIANT: normal; FONT-STYLE: normal; FONT-FAMILY: Arial; COLOR: #000000; FONT-SIZE: 11pt; VERTICAL-ALIGN: baseline; FONT-WEIGHT: normal; TEXT-DECORATION: none\"><\/SPAN><BR><SPAN style=\"BACKGROUND-COLOR: transparent; FONT-VARIANT: normal; FONT-STYLE: normal; FONT-FAMILY: Arial; COLOR: #000000; FONT-SIZE: 11pt; VERTICAL-ALIGN: baseline; FONT-WEIGHT: normal; TEXT-DECORATION: none\">Por cierto, \u00bfalgunos bares podr\u00edan cantar la parte de la canci\u00f3n que dice: \u201chay que conservar nuestra tradici\u00f3n en estilo militar\u201d y, de paso, acabar con \u201chay que marchar pisoteando hierba y matorral\u201d. Enti\u00e9ndase hierba y matorral por cliente.<\/SPAN><\/P><br \/>\n<P><SPAN style=\"BACKGROUND-COLOR: transparent; FONT-VARIANT: normal; FONT-STYLE: normal; FONT-FAMILY: Arial; COLOR: #000000; FONT-SIZE: 11pt; VERTICAL-ALIGN: baseline; FONT-WEIGHT: normal; TEXT-DECORATION: none\"><\/SPAN>&nbsp;<\/P><br \/>\n<iframe loading=\"lazy\" width=\"425\" height=\"349\" src=\"\/\/www.youtube.com\/embed\/AN66tiDWftI\" frameborder=\"0\" allowfullscreen><\/iframe><\/p>\n<!-- AddThis Advanced Settings generic via filter on the_content --><!-- AddThis Share Buttons generic via filter on the_content -->","protected":false},"excerpt":{"rendered":"<p>\u201cCon el un dos tres cuatro, con el un dos tres cuatro&#8230;Pelotoooon, canci\u00f3nNuestra \u00fanica misi\u00f3n, es marchar con decisi\u00f3n, hay que conservar nuestra tradici\u00f3n en estilo militar. Por la jungla hay que marchar, con un paso muy marcial, pisoteando hierba y matorral con estilo militar&#8230;\u201dYo s\u00ed lo recuerdo, es la senda de los elefantes, el [&hellip;]<!-- AddThis Advanced Settings generic via filter on get_the_excerpt --><!-- AddThis Share Buttons generic via filter on get_the_excerpt --><\/p>\n","protected":false},"author":33,"featured_media":0,"comment_status":"open","ping_status":"closed","sticky":false,"template":"","format":"standard","meta":[],"categories":[2],"tags":[6],"_links":{"self":[{"href":"https:\/\/blogs.diariovasco.com\/sopadeganso\/wp-json\/wp\/v2\/posts\/652"}],"collection":[{"href":"https:\/\/blogs.diariovasco.com\/sopadeganso\/wp-json\/wp\/v2\/posts"}],"about":[{"href":"https:\/\/blogs.diariovasco.com\/sopadeganso\/wp-json\/wp\/v2\/types\/post"}],"author":[{"embeddable":true,"href":"https:\/\/blogs.diariovasco.com\/sopadeganso\/wp-json\/wp\/v2\/users\/33"}],"replies":[{"embeddable":true,"href":"https:\/\/blogs.diariovasco.com\/sopadeganso\/wp-json\/wp\/v2\/comments?post=652"}],"version-history":[{"count":0,"href":"https:\/\/blogs.diariovasco.com\/sopadeganso\/wp-json\/wp\/v2\/posts\/652\/revisions"}],"wp:attachment":[{"href":"https:\/\/blogs.diariovasco.com\/sopadeganso\/wp-json\/wp\/v2\/media?parent=652"}],"wp:term":[{"taxonomy":"category","embeddable":true,"href":"https:\/\/blogs.diariovasco.com\/sopadeganso\/wp-json\/wp\/v2\/categories?post=652"},{"taxonomy":"post_tag","embeddable":true,"href":"https:\/\/blogs.diariovasco.com\/sopadeganso\/wp-json\/wp\/v2\/tags?post=652"}],"curies":[{"name":"wp","href":"https:\/\/api.w.org\/{rel}","templated":true}]}}