{"id":880,"date":"2012-03-02T09:18:26","date_gmt":"2012-03-02T08:18:26","guid":{"rendered":"http:\/\/blogs.diariovasco.com\/sopadeganso\/?p=880"},"modified":"2012-03-02T09:18:26","modified_gmt":"2012-03-02T08:18:26","slug":"se-acabo-lo-que-se-daba","status":"publish","type":"post","link":"https:\/\/blogs.diariovasco.com\/sopadeganso\/2012\/03\/02\/se-acabo-lo-que-se-daba\/","title":{"rendered":"Se acab\u00f3 lo que se daba"},"content":{"rendered":"<p>Comparezco ante ustedes triste y desolado, si hace una semana cantaba las excelencias del verdel hoy dicen que se &#8220;acab\u00f3 la costera&#8221;.<\/p>\n<p><a href=\"\/sopadeganso\/wp-content\/uploads\/sites\/18\/2012\/03\/Verdel.jpg\"><img loading=\"lazy\" class=\"alignleft size-full wp-image-881\" title=\"Verdel\" src=\"\/sopadeganso\/wp-content\/uploads\/sites\/18\/2012\/03\/Verdel.jpg\" alt=\"\" width=\"179\" height=\"160\" \/><\/a>As\u00ed que, nada que hacer. El que no lo haya podido tomar fresco no le va a quedar m\u00e1s remedio que abrir envases de verdel en escabeche, yo los prefiero de Maisor mientras existan.<\/p>\n<p>Sirvan estas palabras de despedida, que en casa del pobre la alegr\u00eda dura poco.<\/p>\n<p>Menos mal que ahora viene la anchoa. Capturan las primeras en el mes de marzo cuando todos sabemos que la anchoa es republicana porque aparece en torno al 14 de abril. Ha elegido buen a\u00f1o para dejar de ser republicana. En fin, que las cosas ya nos son como eran.<\/p>\n<p>Lo dicho, comparezco ante ustedes triste y desolado.<\/p>\n<!-- AddThis Advanced Settings generic via filter on the_content --><!-- AddThis Share Buttons generic via filter on the_content -->","protected":false},"excerpt":{"rendered":"<p>Comparezco ante ustedes triste y desolado, si hace una semana cantaba las excelencias del verdel hoy dicen que se &#8220;acab\u00f3 la costera&#8221;. As\u00ed que, nada que hacer. El que no lo haya podido tomar fresco no le va a quedar m\u00e1s remedio que abrir envases de verdel en escabeche, yo los prefiero de Maisor mientras [&hellip;]<!-- AddThis Advanced Settings generic via filter on get_the_excerpt --><!-- AddThis Share Buttons generic via filter on get_the_excerpt --><\/p>\n","protected":false},"author":33,"featured_media":0,"comment_status":"open","ping_status":"closed","sticky":false,"template":"","format":"standard","meta":[],"categories":[3],"tags":[],"_links":{"self":[{"href":"https:\/\/blogs.diariovasco.com\/sopadeganso\/wp-json\/wp\/v2\/posts\/880"}],"collection":[{"href":"https:\/\/blogs.diariovasco.com\/sopadeganso\/wp-json\/wp\/v2\/posts"}],"about":[{"href":"https:\/\/blogs.diariovasco.com\/sopadeganso\/wp-json\/wp\/v2\/types\/post"}],"author":[{"embeddable":true,"href":"https:\/\/blogs.diariovasco.com\/sopadeganso\/wp-json\/wp\/v2\/users\/33"}],"replies":[{"embeddable":true,"href":"https:\/\/blogs.diariovasco.com\/sopadeganso\/wp-json\/wp\/v2\/comments?post=880"}],"version-history":[{"count":0,"href":"https:\/\/blogs.diariovasco.com\/sopadeganso\/wp-json\/wp\/v2\/posts\/880\/revisions"}],"wp:attachment":[{"href":"https:\/\/blogs.diariovasco.com\/sopadeganso\/wp-json\/wp\/v2\/media?parent=880"}],"wp:term":[{"taxonomy":"category","embeddable":true,"href":"https:\/\/blogs.diariovasco.com\/sopadeganso\/wp-json\/wp\/v2\/categories?post=880"},{"taxonomy":"post_tag","embeddable":true,"href":"https:\/\/blogs.diariovasco.com\/sopadeganso\/wp-json\/wp\/v2\/tags?post=880"}],"curies":[{"name":"wp","href":"https:\/\/api.w.org\/{rel}","templated":true}]}}