{"id":884,"date":"2012-03-06T08:41:02","date_gmt":"2012-03-06T07:41:02","guid":{"rendered":"http:\/\/blogs.diariovasco.com\/sopadeganso\/?p=884"},"modified":"2012-03-06T08:41:02","modified_gmt":"2012-03-06T07:41:02","slug":"felicidades-por-tu-centenario-oreo","status":"publish","type":"post","link":"https:\/\/blogs.diariovasco.com\/sopadeganso\/2012\/03\/06\/felicidades-por-tu-centenario-oreo\/","title":{"rendered":"Felicidades por tu centenario Oreo"},"content":{"rendered":"<p><a href=\"\/sopadeganso\/wp-content\/uploads\/sites\/18\/2012\/03\/Oreo.jpg\"><img loading=\"lazy\" class=\"alignnone size-full wp-image-885\" title=\"Oreo\" src=\"\/sopadeganso\/wp-content\/uploads\/sites\/18\/2012\/03\/Oreo.jpg\" alt=\"\" width=\"640\" height=\"478\" \/><\/a><\/p>\n<p><strong id=\"internal-source-marker_0.5223843646235764\">El primer recuerdo que tengo de una galleta con nombre es un \u201cbocata\u201d de dos trozos de galleta de chocolate con una crema blanca por dentro.<\/strong><\/p>\n<p>Me acompa\u00f1\u00f3 durante una infancia, no todos los d\u00edas, pero los suficientes para que se convirtiera en mi galleta preferida. Nada original por cierto, porque resulta ser la galleta m\u00e1s consumida en el mundo.<\/p>\n<p>Establecerme en San Sebasti\u00e1n hizo que la perdiera de vista, simplemente no exist\u00eda, No me hac\u00edan gracia las Mar\u00edas y, no me acostumbraba a la rosquilla de chocolate ya que me parec\u00eda raro comerme a un amigo as\u00ed como as\u00ed (parece que el gobierno filipino hizo una queja formal por unas galletas llamadas \u201cfilipinos\u201d.). As\u00ed que cuando se empez\u00f3 a distribuir, much\u00edsimos a\u00f1os despu\u00e9s, fui feliz por volver a recordar la ni\u00f1ez, aunque, como en todo, yo hab\u00eda cambiado y ya no me conven\u00eda.<\/p>\n<p>La \u00fanica galleta que se presenta con libro de instrucciones (aunque yo nunca le he visto la gracia a comerla as\u00ed). La galleta que tiene tantas variantes como la doble de crema, ba\u00f1ado con chocolate blanco, mini, incluso tartas, esa galleta llamada Oreo sin que se sepa muy bien porqu\u00e9, cumple hoy 6 de marzo los 100 a\u00f1os. Y aunque s\u00f3lo sea porque se fabrica desde Viana para el resto de Europa me dar\u00e9 mi correspondiente atrac\u00f3n. Que ma\u00f1ana ser\u00e1 otro d\u00eda.<\/p>\n<p>En twitter: @guiabuenamesa<\/p>\n<p>&nbsp;<\/p>\n<!-- AddThis Advanced Settings generic via filter on the_content --><!-- AddThis Share Buttons generic via filter on the_content -->","protected":false},"excerpt":{"rendered":"<p>El primer recuerdo que tengo de una galleta con nombre es un \u201cbocata\u201d de dos trozos de galleta de chocolate con una crema blanca por dentro. Me acompa\u00f1\u00f3 durante una infancia, no todos los d\u00edas, pero los suficientes para que se convirtiera en mi galleta preferida. Nada original por cierto, porque resulta ser la galleta [&hellip;]<!-- AddThis Advanced Settings generic via filter on get_the_excerpt --><!-- AddThis Share Buttons generic via filter on get_the_excerpt --><\/p>\n","protected":false},"author":33,"featured_media":0,"comment_status":"open","ping_status":"closed","sticky":false,"template":"","format":"standard","meta":[],"categories":[3],"tags":[],"_links":{"self":[{"href":"https:\/\/blogs.diariovasco.com\/sopadeganso\/wp-json\/wp\/v2\/posts\/884"}],"collection":[{"href":"https:\/\/blogs.diariovasco.com\/sopadeganso\/wp-json\/wp\/v2\/posts"}],"about":[{"href":"https:\/\/blogs.diariovasco.com\/sopadeganso\/wp-json\/wp\/v2\/types\/post"}],"author":[{"embeddable":true,"href":"https:\/\/blogs.diariovasco.com\/sopadeganso\/wp-json\/wp\/v2\/users\/33"}],"replies":[{"embeddable":true,"href":"https:\/\/blogs.diariovasco.com\/sopadeganso\/wp-json\/wp\/v2\/comments?post=884"}],"version-history":[{"count":0,"href":"https:\/\/blogs.diariovasco.com\/sopadeganso\/wp-json\/wp\/v2\/posts\/884\/revisions"}],"wp:attachment":[{"href":"https:\/\/blogs.diariovasco.com\/sopadeganso\/wp-json\/wp\/v2\/media?parent=884"}],"wp:term":[{"taxonomy":"category","embeddable":true,"href":"https:\/\/blogs.diariovasco.com\/sopadeganso\/wp-json\/wp\/v2\/categories?post=884"},{"taxonomy":"post_tag","embeddable":true,"href":"https:\/\/blogs.diariovasco.com\/sopadeganso\/wp-json\/wp\/v2\/tags?post=884"}],"curies":[{"name":"wp","href":"https:\/\/api.w.org\/{rel}","templated":true}]}}