{"id":888,"date":"2012-03-08T08:50:02","date_gmt":"2012-03-08T07:50:02","guid":{"rendered":"http:\/\/blogs.diariovasco.com\/sopadeganso\/?p=888"},"modified":"2012-03-08T08:50:02","modified_gmt":"2012-03-08T07:50:02","slug":"pido-perdon","status":"publish","type":"post","link":"https:\/\/blogs.diariovasco.com\/sopadeganso\/2012\/03\/08\/pido-perdon\/","title":{"rendered":"Pido perd\u00f3n"},"content":{"rendered":"<p><strong id=\"internal-source-marker_0.3020607829093933\">Quiero pedir perd\u00f3n por las veces que me he sentado contigo y te he explicado con pelos y se\u00f1ales la vida, obra y milagros del cocinero que est\u00e1 al mando del restaurante. Como si le conociera de toda la vida.<\/p>\n<p>Quiero pedir perd\u00f3n por explicarte porqu\u00e9 me gusta o no me gusta un restaurante y en qu\u00e9 detalles debes fijarte.<\/p>\n<p>Quiero pedir perd\u00f3n por decirte qu\u00e9 plato deber\u00edas pedir para que podamos probar de todo lo que hay en el men\u00fa, aunque a ti no te apeteciera.<\/p>\n<p>Quiero pedir perd\u00f3n por explicarte cada plato que llega a la mesa.<\/p>\n<p>Quiero pedir perd\u00f3n por cada foto que saco a cada plato, antes incluso de saber si est\u00e1 bueno,<\/p>\n<p>Quiero pedir perd\u00f3n por cada tweet que he enviado de ese plato, incluso sin saber si est\u00e1 bueno, sin hacerte caso, como si no existieras.<\/p>\n<p>Si es por eso incluso quiero pedir perd\u00f3n por estar tweeteando mientras hablas y me intentas explicar cosas. (Un conferenciante &#8211; de la talla de Pepe Ferrer &#8211; hizo la gracieta de que era la primera vez que daba iuna conferencia sin que ninguno de los asistentes le estuviera mirando a la cara).<\/p>\n<p>Quiero pedir perd\u00f3n por probar el vino como si fuera un joyero tasando un diamante que le han traido para valorar<\/p>\n<p>Quiero pedir perd\u00f3n por explicarte con detalle todo lo que s\u00e9 de la bodega y del en\u00f3logo que hace ese vino.<\/p>\n<p>Quiero pedir perd\u00f3n por explicarte porqu\u00e9 el vino es bueno.<\/p>\n<p>Quiero pedir perd\u00f3n por cada vino que me ha gustado que no te ha gustado a ti.<\/p>\n<p>Quiero pedir perd\u00f3n por haber entrado en ese nuevo g\u00e9nero de \u201cfoodie\u201d, una palabra que si la tuviera que traducir la traducir\u00eda como: &#8220;co\u00f1azo&#8221;.<\/p>\n<p>Pero esto de comer y beber \u00bfno era para divertirse, pasarlo bien, hablar con gente y disfrutar?<\/p>\n<p>Pues eso, quiero pedir perd\u00f3n por haberlo olvidado.<\/strong><\/p>\n<p>En twitter: @guiabuenamesa<\/p>\n<!-- AddThis Advanced Settings generic via filter on the_content --><!-- AddThis Share Buttons generic via filter on the_content -->","protected":false},"excerpt":{"rendered":"<p>Quiero pedir perd\u00f3n por las veces que me he sentado contigo y te he explicado con pelos y se\u00f1ales la vida, obra y milagros del cocinero que est\u00e1 al mando del restaurante. Como si le conociera de toda la vida. Quiero pedir perd\u00f3n por explicarte porqu\u00e9 me gusta o no me gusta un restaurante y [&hellip;]<!-- AddThis Advanced Settings generic via filter on get_the_excerpt --><!-- AddThis Share Buttons generic via filter on get_the_excerpt --><\/p>\n","protected":false},"author":33,"featured_media":0,"comment_status":"open","ping_status":"closed","sticky":false,"template":"","format":"standard","meta":[],"categories":[3],"tags":[],"_links":{"self":[{"href":"https:\/\/blogs.diariovasco.com\/sopadeganso\/wp-json\/wp\/v2\/posts\/888"}],"collection":[{"href":"https:\/\/blogs.diariovasco.com\/sopadeganso\/wp-json\/wp\/v2\/posts"}],"about":[{"href":"https:\/\/blogs.diariovasco.com\/sopadeganso\/wp-json\/wp\/v2\/types\/post"}],"author":[{"embeddable":true,"href":"https:\/\/blogs.diariovasco.com\/sopadeganso\/wp-json\/wp\/v2\/users\/33"}],"replies":[{"embeddable":true,"href":"https:\/\/blogs.diariovasco.com\/sopadeganso\/wp-json\/wp\/v2\/comments?post=888"}],"version-history":[{"count":0,"href":"https:\/\/blogs.diariovasco.com\/sopadeganso\/wp-json\/wp\/v2\/posts\/888\/revisions"}],"wp:attachment":[{"href":"https:\/\/blogs.diariovasco.com\/sopadeganso\/wp-json\/wp\/v2\/media?parent=888"}],"wp:term":[{"taxonomy":"category","embeddable":true,"href":"https:\/\/blogs.diariovasco.com\/sopadeganso\/wp-json\/wp\/v2\/categories?post=888"},{"taxonomy":"post_tag","embeddable":true,"href":"https:\/\/blogs.diariovasco.com\/sopadeganso\/wp-json\/wp\/v2\/tags?post=888"}],"curies":[{"name":"wp","href":"https:\/\/api.w.org\/{rel}","templated":true}]}}