{"id":1026,"date":"2017-08-17T07:00:30","date_gmt":"2017-08-17T05:00:30","guid":{"rendered":"http:\/\/blogs.diariovasco.com\/trampolin-vida\/?p=1026"},"modified":"2017-08-17T19:06:34","modified_gmt":"2017-08-17T17:06:34","slug":"fluir-y-alimentar-el-espiritu","status":"publish","type":"post","link":"https:\/\/blogs.diariovasco.com\/trampolin-vida\/2017\/08\/17\/fluir-y-alimentar-el-espiritu\/","title":{"rendered":"Fluir y alimentar el esp\u00edritu"},"content":{"rendered":"<p>Me encuentro disfrutando de unos d\u00edas de paz y tranquilidad tras un curso de mucho ajetreo, trabajo, y de tener que tomar decisiones que van a influir en los pr\u00f3ximos a\u00f1os de mi vida. Hoy estoy disfrutando de un merecido descanso, recuperando la energ\u00eda que se va desgastando durante los meses de m\u00e1s trabajo, horarios que cumplir y disciplina que aplicar. En ese espacio de tiempo que llamamos vida y que en muchas ocasiones nos va quitando la fuerza para vivir.<a href=\"https:\/\/static-blogs.diariovasco.com\/wp-content\/uploads\/sites\/62\/2017\/08\/agua.jpg\"><img loading=\"lazy\" class=\"alignleft size-medium wp-image-1027\" src=\"https:\/\/static-blogs.diariovasco.com\/wp-content\/uploads\/sites\/62\/2017\/08\/agua-300x200.jpg\" alt=\"agua\" width=\"300\" height=\"200\" srcset=\"https:\/\/static-blogs.diariovasco.com\/wp-content\/uploads\/sites\/62\/2017\/08\/agua-300x200.jpg 300w, https:\/\/static-blogs.diariovasco.com\/wp-content\/uploads\/sites\/62\/2017\/08\/agua.jpg 540w\" sizes=\"(max-width: 300px) 100vw, 300px\" \/><\/a><\/p>\n<p>&nbsp;<\/p>\n<p>Disfrutando de este momento, me he encontrado con dos posts de dos colegas de <strong>Coachya.es<\/strong>, en los que por una parte se me invita a fluir y a considerar qu\u00e9 es lo que alimenta mi esp\u00edritu. \u00bfCasualmente? los he le\u00eddo en este orden, y aunque son temas que trabajo desde hace a\u00f1os, me han dado qu\u00e9 pensar en este momento. Por un lado, he vuelto a tomar conciencia de la importancia de fluir con aquellas cosas que nos gustan y que nos hacen sentirnos bien. De esos momentos en los que perdemos la noci\u00f3n del tiempo, y sin embargo, que tan bien aprovechamos este. Tengo que decir que durante estos d\u00edas mi forma de <strong>fluir<\/strong> no est\u00e1 siendo muy productiva si lo consideramos desde un punto de vista del rendimiento del trabajo, pero si lo est\u00e1 siendo para cargar esas pilas que logran que cuando llegue a mi casa lo haga con ganas e ilusi\u00f3n por continuar haciendo mi trabajo y afrontar nuevos retos.<a href=\"https:\/\/static-blogs.diariovasco.com\/wp-content\/uploads\/sites\/62\/2017\/08\/yoga-paddle-board-d.jpg\"><img loading=\"lazy\" class=\"alignright size-medium wp-image-1028\" src=\"https:\/\/static-blogs.diariovasco.com\/wp-content\/uploads\/sites\/62\/2017\/08\/yoga-paddle-board-d-300x200.jpg\" alt=\"yoga-paddle-board-d\" width=\"300\" height=\"200\" srcset=\"https:\/\/static-blogs.diariovasco.com\/wp-content\/uploads\/sites\/62\/2017\/08\/yoga-paddle-board-d-300x200.jpg 300w, https:\/\/static-blogs.diariovasco.com\/wp-content\/uploads\/sites\/62\/2017\/08\/yoga-paddle-board-d-768x512.jpg 768w, https:\/\/static-blogs.diariovasco.com\/wp-content\/uploads\/sites\/62\/2017\/08\/yoga-paddle-board-d-1024x683.jpg 1024w, https:\/\/static-blogs.diariovasco.com\/wp-content\/uploads\/sites\/62\/2017\/08\/yoga-paddle-board-d.jpg 1500w\" sizes=\"(max-width: 300px) 100vw, 300px\" \/><\/a><\/p>\n<p>&nbsp;<\/p>\n<p>Precisamente, el poder hacerlo con ilusi\u00f3n me lleva a fijarme y centrarme en aquellas cosas que <strong>alimentan mi esp\u00edritu<\/strong> y hacen que el resto del a\u00f1o tenga fuerza para hacer lo que me propongo. \u00bfQu\u00e9 es lo que le alimenta en mi caso? Por supuesto, en vacaciones es descansar, disfrutar de mi familia, del buen tiempo, de la comida, de estar con los amigos, del mar&#8230; \u00a1\u00a1Hay tantas cosas!! Y como siempre es importante hacerlo siendo consciente de ello y sin perdemos en cosas pasadas o futuras. Simplemente dejarnos fluir con lo que hacemos. S\u00e9 que de vacaciones en verano parece f\u00e1cil encontrar motivos y que nos puede resultar m\u00e1s dif\u00edcil en invierno, pero si nos paramos a pensar un poco podemos encontrar muchos otros aspectos: disfrutar de la lluvia y del fr\u00edo en nuestra piel, sentarnos a leer mientras observamos fuera llover, reunirnos con amigos y por qu\u00e9 no, tambi\u00e9n empezar nuevos retos y utilizar nuestra <strong>energ\u00eda<\/strong> acumulada para lograrlo.<\/p>\n<p>&nbsp;<\/p>\n<!-- AddThis Advanced Settings generic via filter on the_content --><!-- AddThis Share Buttons generic via filter on the_content -->","protected":false},"excerpt":{"rendered":"<p>Me encuentro disfrutando de unos d\u00edas de paz y tranquilidad tras un curso de mucho ajetreo, trabajo, y de tener que tomar decisiones que van a influir en los pr\u00f3ximos a\u00f1os de mi vida. Hoy estoy disfrutando de un merecido descanso, recuperando la energ\u00eda que se va desgastando durante los meses de m\u00e1s trabajo, horarios [&hellip;]<!-- AddThis Advanced Settings generic via filter on get_the_excerpt --><!-- AddThis Share Buttons generic via filter on get_the_excerpt --><\/p>\n","protected":false},"author":93,"featured_media":0,"comment_status":"open","ping_status":"closed","sticky":false,"template":"","format":"standard","meta":[],"categories":[1],"tags":[],"_links":{"self":[{"href":"https:\/\/blogs.diariovasco.com\/trampolin-vida\/wp-json\/wp\/v2\/posts\/1026"}],"collection":[{"href":"https:\/\/blogs.diariovasco.com\/trampolin-vida\/wp-json\/wp\/v2\/posts"}],"about":[{"href":"https:\/\/blogs.diariovasco.com\/trampolin-vida\/wp-json\/wp\/v2\/types\/post"}],"author":[{"embeddable":true,"href":"https:\/\/blogs.diariovasco.com\/trampolin-vida\/wp-json\/wp\/v2\/users\/93"}],"replies":[{"embeddable":true,"href":"https:\/\/blogs.diariovasco.com\/trampolin-vida\/wp-json\/wp\/v2\/comments?post=1026"}],"version-history":[{"count":1,"href":"https:\/\/blogs.diariovasco.com\/trampolin-vida\/wp-json\/wp\/v2\/posts\/1026\/revisions"}],"predecessor-version":[{"id":1029,"href":"https:\/\/blogs.diariovasco.com\/trampolin-vida\/wp-json\/wp\/v2\/posts\/1026\/revisions\/1029"}],"wp:attachment":[{"href":"https:\/\/blogs.diariovasco.com\/trampolin-vida\/wp-json\/wp\/v2\/media?parent=1026"}],"wp:term":[{"taxonomy":"category","embeddable":true,"href":"https:\/\/blogs.diariovasco.com\/trampolin-vida\/wp-json\/wp\/v2\/categories?post=1026"},{"taxonomy":"post_tag","embeddable":true,"href":"https:\/\/blogs.diariovasco.com\/trampolin-vida\/wp-json\/wp\/v2\/tags?post=1026"}],"curies":[{"name":"wp","href":"https:\/\/api.w.org\/{rel}","templated":true}]}}