{"id":1030,"date":"2017-08-23T07:00:35","date_gmt":"2017-08-23T05:00:35","guid":{"rendered":"http:\/\/blogs.diariovasco.com\/trampolin-vida\/?p=1030"},"modified":"2017-08-22T16:54:58","modified_gmt":"2017-08-22T14:54:58","slug":"aprender-a-vivir-aqui-y-ahora","status":"publish","type":"post","link":"https:\/\/blogs.diariovasco.com\/trampolin-vida\/2017\/08\/23\/aprender-a-vivir-aqui-y-ahora\/","title":{"rendered":"Aprender a vivir aqu\u00ed y ahora"},"content":{"rendered":"<p>A lo largo de mi vida, tanto personal como profesional, he podido observar un perfil concreto de persona a la que le resulta muy dif\u00edcil vivir el aqu\u00ed y el ahora de forma consciente, incluso le resulta dif\u00edcil disfrutar de lo que tienen o donde se encuentran por tener la necesidad de ir siempre un poco m\u00e1s all\u00e1, de estar pensando en el futuro y en lo siguiente que van a hacer. Tienden a planificar continuamente, pero sin poder <strong>parar <\/strong>de hacerlo, de modo, que les cuesta mucho vivir el presente, ya que, en su mente, siempre aparece algo nuevo que hacer en un futuro cercano.<a href=\"https:\/\/static-blogs.diariovasco.com\/wp-content\/uploads\/sites\/62\/2017\/08\/Aqui-y-ahora_central.jpg\"><img loading=\"lazy\" class=\"alignleft size-medium wp-image-1031\" src=\"https:\/\/static-blogs.diariovasco.com\/wp-content\/uploads\/sites\/62\/2017\/08\/Aqui-y-ahora_central-300x200.jpg\" alt=\"aqui-y-ahora_central\" width=\"300\" height=\"200\" srcset=\"https:\/\/static-blogs.diariovasco.com\/wp-content\/uploads\/sites\/62\/2017\/08\/Aqui-y-ahora_central-300x200.jpg 300w, https:\/\/static-blogs.diariovasco.com\/wp-content\/uploads\/sites\/62\/2017\/08\/Aqui-y-ahora_central.jpg 378w\" sizes=\"(max-width: 300px) 100vw, 300px\" \/><\/a><\/p>\n<p>Esta capacidad de planificaci\u00f3n les otorga la cualidad de ser buenos en perseguir nuevos objetivos, y aunque no siempre ocurre, suelen tambi\u00e9n lograr muchas de estas metas, por lo que suelen ser personas con <strong>\u00e9xito<\/strong> y triunfadoras en aquellos temas en los que centran su mente. Si se proponen algo, no les va a resultar cansado ni dif\u00edcil valorar varias alternativas para lograrlo, llegando a ser muy creativos en sus pensamientos y consiguiendo realizar sus propuestas. Adem\u00e1s, al necesitar tener siempre algo en la cabeza a lo que darle vueltas, pueden ser muy prol\u00edficos con sus objetivos, con poca capacidad de frustraci\u00f3n, ya que les pesa m\u00e1s el estar \u201cquietos\u201d que el no haber logrado alguno de estos. Tienen gran capacidad de superaci\u00f3n y de comenzar de nuevo.<\/p>\n<p>Pero como decimos, ese af\u00e1n de tener que hacer siempre algo les impide disfrutar de lo que ya han logrado o tienen, y de se<a href=\"https:\/\/static-blogs.diariovasco.com\/wp-content\/uploads\/sites\/62\/2017\/08\/reloj-now.jpg\"><img loading=\"lazy\" class=\"alignright size-medium wp-image-1032\" src=\"https:\/\/static-blogs.diariovasco.com\/wp-content\/uploads\/sites\/62\/2017\/08\/reloj-now-300x230.jpg\" alt=\"reloj-now\" width=\"300\" height=\"230\" srcset=\"https:\/\/static-blogs.diariovasco.com\/wp-content\/uploads\/sites\/62\/2017\/08\/reloj-now-300x230.jpg 300w, https:\/\/static-blogs.diariovasco.com\/wp-content\/uploads\/sites\/62\/2017\/08\/reloj-now.jpg 388w\" sizes=\"(max-width: 300px) 100vw, 300px\" \/><\/a>r conscientes de lo bien que est\u00e1n, pensando en lo bien que pueden estar, creyendo que lo presente no es suficientemente bueno y lo que venga ser\u00e1 mejor. No es malo pensar que el futuro nos depara cosas mejores en nuestra vida, pero no podemos olvidar que la vida se compone de cada momento que vivimos, y que no debemos dejar pasar uno bueno pensando que habr\u00e1 otro mejor, o que lo que tenemos no es suficiente para disfrutarlo esperando a que llegue lo siguiente. \u00bfCu\u00e1ndo ser\u00e1 definitivamente bueno? \u00bfCu\u00e1ndo podemos empezar a disfrutar de lo que tenemos?<\/p>\n<p>Por supuesto avanzar y tener nuevos sue\u00f1os que realizar va a hacer que nuestra vida se enriquezca, pero no nos olvidemos disfrutar de lo que ya tenemos y de poder valorar lo que ya hemos logrado. Vivamos ahora y aqu\u00ed y disfrutemos de esto, ya que en este <strong>momento<\/strong> es lo m\u00e1s importante que tenemos.<\/p>\n<!-- AddThis Advanced Settings generic via filter on the_content --><!-- AddThis Share Buttons generic via filter on the_content -->","protected":false},"excerpt":{"rendered":"<p>A lo largo de mi vida, tanto personal como profesional, he podido observar un perfil concreto de persona a la que le resulta muy dif\u00edcil vivir el aqu\u00ed y el ahora de forma consciente, incluso le resulta dif\u00edcil disfrutar de lo que tienen o donde se encuentran por tener la necesidad de ir siempre un [&hellip;]<!-- AddThis Advanced Settings generic via filter on get_the_excerpt --><!-- AddThis Share Buttons generic via filter on get_the_excerpt --><\/p>\n","protected":false},"author":93,"featured_media":0,"comment_status":"open","ping_status":"closed","sticky":false,"template":"","format":"standard","meta":[],"categories":[1],"tags":[],"_links":{"self":[{"href":"https:\/\/blogs.diariovasco.com\/trampolin-vida\/wp-json\/wp\/v2\/posts\/1030"}],"collection":[{"href":"https:\/\/blogs.diariovasco.com\/trampolin-vida\/wp-json\/wp\/v2\/posts"}],"about":[{"href":"https:\/\/blogs.diariovasco.com\/trampolin-vida\/wp-json\/wp\/v2\/types\/post"}],"author":[{"embeddable":true,"href":"https:\/\/blogs.diariovasco.com\/trampolin-vida\/wp-json\/wp\/v2\/users\/93"}],"replies":[{"embeddable":true,"href":"https:\/\/blogs.diariovasco.com\/trampolin-vida\/wp-json\/wp\/v2\/comments?post=1030"}],"version-history":[{"count":1,"href":"https:\/\/blogs.diariovasco.com\/trampolin-vida\/wp-json\/wp\/v2\/posts\/1030\/revisions"}],"predecessor-version":[{"id":1033,"href":"https:\/\/blogs.diariovasco.com\/trampolin-vida\/wp-json\/wp\/v2\/posts\/1030\/revisions\/1033"}],"wp:attachment":[{"href":"https:\/\/blogs.diariovasco.com\/trampolin-vida\/wp-json\/wp\/v2\/media?parent=1030"}],"wp:term":[{"taxonomy":"category","embeddable":true,"href":"https:\/\/blogs.diariovasco.com\/trampolin-vida\/wp-json\/wp\/v2\/categories?post=1030"},{"taxonomy":"post_tag","embeddable":true,"href":"https:\/\/blogs.diariovasco.com\/trampolin-vida\/wp-json\/wp\/v2\/tags?post=1030"}],"curies":[{"name":"wp","href":"https:\/\/api.w.org\/{rel}","templated":true}]}}