{"id":1034,"date":"2017-08-30T07:00:59","date_gmt":"2017-08-30T05:00:59","guid":{"rendered":"http:\/\/blogs.diariovasco.com\/trampolin-vida\/?p=1034"},"modified":"2017-08-23T21:05:31","modified_gmt":"2017-08-23T19:05:31","slug":"final-de-agosto-fin-de-un-periodo","status":"publish","type":"post","link":"https:\/\/blogs.diariovasco.com\/trampolin-vida\/2017\/08\/30\/final-de-agosto-fin-de-un-periodo\/","title":{"rendered":"Final de Agosto, fin de un periodo"},"content":{"rendered":"<p>Termina agosto, y el fin de este mes no es una cosa cualquiera, el fin de este mes representa que se acaban las vacaciones, que se <strong>termina un periodo<\/strong> y que comienza un nuevo curso. Aunque el calendario nos marca el fin del a\u00f1o en diciembre, muchos seguimos gui\u00e1ndonos por el calendario escolar, por lo que esta semana representa el fin de este periodo y momento de comenzar un nuevo curso, aunque no vayamos a clase.<a href=\"https:\/\/static-blogs.diariovasco.com\/wp-content\/uploads\/sites\/62\/2017\/08\/ADIOS-VERANO.jpg\"><img loading=\"lazy\" class=\"alignleft size-medium wp-image-1035\" src=\"https:\/\/static-blogs.diariovasco.com\/wp-content\/uploads\/sites\/62\/2017\/08\/ADIOS-VERANO-300x225.jpg\" alt=\"adios-verano\" width=\"300\" height=\"225\" srcset=\"https:\/\/static-blogs.diariovasco.com\/wp-content\/uploads\/sites\/62\/2017\/08\/ADIOS-VERANO-300x225.jpg 300w, https:\/\/static-blogs.diariovasco.com\/wp-content\/uploads\/sites\/62\/2017\/08\/ADIOS-VERANO.jpg 400w\" sizes=\"(max-width: 300px) 100vw, 300px\" \/><\/a><\/p>\n<p>Por una parte, nos vamos a encontrar con las sensaciones que nos han dejado las vacaciones, lo que hemos vivido y lo que nos ha pasado y la forma de valorar estas vivencias. Quienes hayan tenido unas buenas vacaciones, quienes hayan disfrutado de estos d\u00edas, tendr\u00e1n un buen sabor de boca, y estar\u00e1n con pena de que terminen, pero tambi\u00e9n con fuerza para afrontar un nuevo periodo y nuevos retos. Por el contrario, quienes se hayan sentido defraudados por el verano, por lo que no han podido hacer o porque no ha sido como esperaban, las sensaciones que tengan van a ser m\u00e1s negativas, y puede que est\u00e9n deseando terminar este periodo y comenzar uno nuevo en el que puedan <strong>cumplir <\/strong>con sus deseos.<\/p>\n<p>Sea como fuere, nos encontramos en un momento de reflexi\u00f3n, de pararnos a pensar qu\u00e9 es lo que queremos hacer en los pr\u00f3ximos meses y c\u00f3mo lo queremos hacer. Habr\u00e1 quienes les haya ayudado lo realizado en el \u00faltimo periodo y quiera continuar en la misma l\u00ednea, y quien prefiera cambiar totalmente de rumbo y empezar un nuevo camino para lograr lo que se pretende conseguir en el pr\u00f3ximo a\u00f1o.<a href=\"https:\/\/static-blogs.diariovasco.com\/wp-content\/uploads\/sites\/62\/2017\/08\/obras-walt-disney-300x157.jpg\"><img loading=\"lazy\" class=\"alignright size-medium wp-image-1036\" src=\"https:\/\/static-blogs.diariovasco.com\/wp-content\/uploads\/sites\/62\/2017\/08\/obras-walt-disney-300x157-300x157.jpg\" alt=\"obras-walt-disney-300x157\" width=\"300\" height=\"157\" \/><\/a><\/p>\n<p><em>\u201cPreg\u00fantate si lo que est\u00e1s haciendo hoy te acerca al lugar en el que quieres estar ma\u00f1ana\u201d Walt Disney<\/em><\/p>\n<p>&nbsp;<\/p>\n<p>Por lo tanto, si queremos poder disfrutar de unas vacaciones el a\u00f1o que viene que nos hagan sentirnos satisfechos, quiz\u00e1 debamos plantearnos ahora qu\u00e9 es lo que debemos hacer durante los pr\u00f3ximos meses para lograrlo. Sabemos que las cosas no ocurren porque s\u00ed, que debemos trabajarlas, y ahora es el momento de empezar a dise\u00f1ar los sue\u00f1os que queremos cumplir en el pr\u00f3ximo verano. Por supuesto, durante el curso pueden sucedernos muchas cosas, unas que nos impulsen hacia nuestras metas, y otras que nos las dificulten, pero cuanto m\u00e1s claro tengamos qu\u00e9 queremos y qu\u00e9 hacer para lograrlo, m\u00e1s f\u00e1cilmente podremos salvar todos los escollos que nos encontremos. Es ahora el momento de pensar c\u00f3mo queremos sentirnos al <strong>final<\/strong> de agosto el a\u00f1o que viene.<\/p>\n<p>&nbsp;<\/p>\n<!-- AddThis Advanced Settings generic via filter on the_content --><!-- AddThis Share Buttons generic via filter on the_content -->","protected":false},"excerpt":{"rendered":"<p>Termina agosto, y el fin de este mes no es una cosa cualquiera, el fin de este mes representa que se acaban las vacaciones, que se termina un periodo y que comienza un nuevo curso. Aunque el calendario nos marca el fin del a\u00f1o en diciembre, muchos seguimos gui\u00e1ndonos por el calendario escolar, por lo [&hellip;]<!-- AddThis Advanced Settings generic via filter on get_the_excerpt --><!-- AddThis Share Buttons generic via filter on get_the_excerpt --><\/p>\n","protected":false},"author":93,"featured_media":0,"comment_status":"open","ping_status":"closed","sticky":false,"template":"","format":"standard","meta":[],"categories":[1],"tags":[],"_links":{"self":[{"href":"https:\/\/blogs.diariovasco.com\/trampolin-vida\/wp-json\/wp\/v2\/posts\/1034"}],"collection":[{"href":"https:\/\/blogs.diariovasco.com\/trampolin-vida\/wp-json\/wp\/v2\/posts"}],"about":[{"href":"https:\/\/blogs.diariovasco.com\/trampolin-vida\/wp-json\/wp\/v2\/types\/post"}],"author":[{"embeddable":true,"href":"https:\/\/blogs.diariovasco.com\/trampolin-vida\/wp-json\/wp\/v2\/users\/93"}],"replies":[{"embeddable":true,"href":"https:\/\/blogs.diariovasco.com\/trampolin-vida\/wp-json\/wp\/v2\/comments?post=1034"}],"version-history":[{"count":1,"href":"https:\/\/blogs.diariovasco.com\/trampolin-vida\/wp-json\/wp\/v2\/posts\/1034\/revisions"}],"predecessor-version":[{"id":1041,"href":"https:\/\/blogs.diariovasco.com\/trampolin-vida\/wp-json\/wp\/v2\/posts\/1034\/revisions\/1041"}],"wp:attachment":[{"href":"https:\/\/blogs.diariovasco.com\/trampolin-vida\/wp-json\/wp\/v2\/media?parent=1034"}],"wp:term":[{"taxonomy":"category","embeddable":true,"href":"https:\/\/blogs.diariovasco.com\/trampolin-vida\/wp-json\/wp\/v2\/categories?post=1034"},{"taxonomy":"post_tag","embeddable":true,"href":"https:\/\/blogs.diariovasco.com\/trampolin-vida\/wp-json\/wp\/v2\/tags?post=1034"}],"curies":[{"name":"wp","href":"https:\/\/api.w.org\/{rel}","templated":true}]}}