{"id":1055,"date":"2017-10-04T07:00:54","date_gmt":"2017-10-04T05:00:54","guid":{"rendered":"http:\/\/blogs.diariovasco.com\/trampolin-vida\/?p=1055"},"modified":"2017-10-02T11:48:00","modified_gmt":"2017-10-02T09:48:00","slug":"videos-en-la-red","status":"publish","type":"post","link":"https:\/\/blogs.diariovasco.com\/trampolin-vida\/2017\/10\/04\/videos-en-la-red\/","title":{"rendered":"V\u00eddeos en la red"},"content":{"rendered":"<p>Hace unos d\u00edas, visitando una red social me encontr\u00e9 con uno de esos v\u00eddeos que pretenden hacer mover nuestras conciencias para que todos seamos mejores personas. Result\u00f3 que el v\u00eddeo contaba una serie de circunstancias en las que alguien se re\u00eda de otro por desconocer lo que realmente le pasaba, del estilo de: Unos ni\u00f1os se re\u00edan de una vecina por estar calva, sin saber que estaba siendo tratada de una grave enfermedad\u2026Relataba varios ejemplos parecidos, y en todos los casos, justificaba que se burlara de esa persona por desconocer exactamente lo que le ocurr\u00eda, como si la <strong>burla<\/strong> en s\u00ed no fuera suficientemente grave.<a href=\"https:\/\/static-blogs.diariovasco.com\/wp-content\/uploads\/sites\/62\/2017\/10\/violenciados-00_48865669.jpg\"><img loading=\"lazy\" class=\"alignleft size-medium wp-image-1057\" src=\"https:\/\/static-blogs.diariovasco.com\/wp-content\/uploads\/sites\/62\/2017\/10\/violenciados-00_48865669-300x184.jpg\" alt=\"violenciados-00_48865669\" width=\"300\" height=\"184\" srcset=\"https:\/\/static-blogs.diariovasco.com\/wp-content\/uploads\/sites\/62\/2017\/10\/violenciados-00_48865669-300x184.jpg 300w, https:\/\/static-blogs.diariovasco.com\/wp-content\/uploads\/sites\/62\/2017\/10\/violenciados-00_48865669.jpg 651w\" sizes=\"(max-width: 300px) 100vw, 300px\" \/><\/a><\/p>\n<p>Me llam\u00f3 la atenci\u00f3n, sobre todo, porque part\u00eda de un \u201cperfil\u201d que supone publica <strong>mensajes<\/strong> e informaci\u00f3n que nos ayudan a ser mejores personas y a tener una mente m\u00e1s abierta.\u00a0 Me cuesta entender que quien ha elaborado ese v\u00eddeo, y quienes lo han publicado, no se hayan dado cuenta de la hipocres\u00eda del mensaje, como si se pudiera <strong>justificar<\/strong> de alguna forma la mofa que se hace a alguien por ser diferente a nosotros. \u00bfC\u00f3mo podemos pretender que los ni\u00f1os no se r\u00edan de otros si les excusamos cuando lo hacen?<\/p>\n<p>Por supuesto, este caso no es habitual, aunque tengo que reconocer que a veces me chirr\u00edan ciertos mensajes que circulan en las redes sociales, pero lo que me ha costado entender, es que alguien que quiere mandar un mensaje educativo sobre el re<a href=\"https:\/\/static-blogs.diariovasco.com\/wp-content\/uploads\/sites\/62\/2017\/10\/V\u00eddeo-en-la-red.jpg\"><img loading=\"lazy\" class=\"alignright size-medium wp-image-1056\" src=\"https:\/\/static-blogs.diariovasco.com\/wp-content\/uploads\/sites\/62\/2017\/10\/V\u00eddeo-en-la-red-300x193.jpg\" alt=\"video-en-la-red\" width=\"300\" height=\"193\" srcset=\"https:\/\/static-blogs.diariovasco.com\/wp-content\/uploads\/sites\/62\/2017\/10\/V\u00eddeo-en-la-red-300x193.jpg 300w, https:\/\/static-blogs.diariovasco.com\/wp-content\/uploads\/sites\/62\/2017\/10\/V\u00eddeo-en-la-red.jpg 573w\" sizes=\"(max-width: 300px) 100vw, 300px\" \/><\/a>speto hacia los dem\u00e1s, sea capaz de esconderlo detr\u00e1s de justificaciones que no llevan a ning\u00fan sitio, porque la burla no tiene justificaci\u00f3n.<\/p>\n<p>Por lo tanto, al menos podemos sacar algo positivo de este v\u00eddeo, que cuando queremos transmitir un mensaje sobre malos comportamientos, debemos ser muy claros en el contenido, sin enredarnos en excusar ninguna acci\u00f3n ni justificando nada que le quite peso a lo que denunciamos, es decir, no se pega, no se insulta, no te r\u00edes del m\u00e1s d\u00e9bil\u2026<\/p>\n<p>Y sobre todo, tengamos criterio a la hora de seleccionar lo que vemos en las redes y a quienes seguimos, ya que hay mucho contenido interesante del que poder aprender y disfrutar, y podemos hacer una criba para centrarnos en lo que nos <strong>aporta <\/strong>en positivo.<\/p>\n<!-- AddThis Advanced Settings generic via filter on the_content --><!-- AddThis Share Buttons generic via filter on the_content -->","protected":false},"excerpt":{"rendered":"<p>Hace unos d\u00edas, visitando una red social me encontr\u00e9 con uno de esos v\u00eddeos que pretenden hacer mover nuestras conciencias para que todos seamos mejores personas. Result\u00f3 que el v\u00eddeo contaba una serie de circunstancias en las que alguien se re\u00eda de otro por desconocer lo que realmente le pasaba, del estilo de: Unos ni\u00f1os [&hellip;]<!-- AddThis Advanced Settings generic via filter on get_the_excerpt --><!-- AddThis Share Buttons generic via filter on get_the_excerpt --><\/p>\n","protected":false},"author":93,"featured_media":0,"comment_status":"open","ping_status":"closed","sticky":false,"template":"","format":"standard","meta":[],"categories":[1],"tags":[],"_links":{"self":[{"href":"https:\/\/blogs.diariovasco.com\/trampolin-vida\/wp-json\/wp\/v2\/posts\/1055"}],"collection":[{"href":"https:\/\/blogs.diariovasco.com\/trampolin-vida\/wp-json\/wp\/v2\/posts"}],"about":[{"href":"https:\/\/blogs.diariovasco.com\/trampolin-vida\/wp-json\/wp\/v2\/types\/post"}],"author":[{"embeddable":true,"href":"https:\/\/blogs.diariovasco.com\/trampolin-vida\/wp-json\/wp\/v2\/users\/93"}],"replies":[{"embeddable":true,"href":"https:\/\/blogs.diariovasco.com\/trampolin-vida\/wp-json\/wp\/v2\/comments?post=1055"}],"version-history":[{"count":1,"href":"https:\/\/blogs.diariovasco.com\/trampolin-vida\/wp-json\/wp\/v2\/posts\/1055\/revisions"}],"predecessor-version":[{"id":1058,"href":"https:\/\/blogs.diariovasco.com\/trampolin-vida\/wp-json\/wp\/v2\/posts\/1055\/revisions\/1058"}],"wp:attachment":[{"href":"https:\/\/blogs.diariovasco.com\/trampolin-vida\/wp-json\/wp\/v2\/media?parent=1055"}],"wp:term":[{"taxonomy":"category","embeddable":true,"href":"https:\/\/blogs.diariovasco.com\/trampolin-vida\/wp-json\/wp\/v2\/categories?post=1055"},{"taxonomy":"post_tag","embeddable":true,"href":"https:\/\/blogs.diariovasco.com\/trampolin-vida\/wp-json\/wp\/v2\/tags?post=1055"}],"curies":[{"name":"wp","href":"https:\/\/api.w.org\/{rel}","templated":true}]}}