{"id":1060,"date":"2017-10-11T07:00:15","date_gmt":"2017-10-11T05:00:15","guid":{"rendered":"http:\/\/blogs.diariovasco.com\/trampolin-vida\/?p=1060"},"modified":"2017-10-10T11:58:35","modified_gmt":"2017-10-10T09:58:35","slug":"moviles-y-aplausos","status":"publish","type":"post","link":"https:\/\/blogs.diariovasco.com\/trampolin-vida\/2017\/10\/11\/moviles-y-aplausos\/","title":{"rendered":"M\u00f3viles y aplausos"},"content":{"rendered":"<p>Hace unos d\u00edas un cliente me pon\u00eda en antecedentes sobre una nueva realidad que est\u00e1 ocurriendo \u00faltimamente en ciertos acontecimientos culturales y deportivos: se prioriza el grabar con el m\u00f3vil o sacar una foto a aplaudir a la estrella o personaje en cuesti\u00f3n. \u00bfHemos dejado de mostrar la admiraci\u00f3n por el deseo de tener una imagen de la persona?<a href=\"https:\/\/static-blogs.diariovasco.com\/wp-content\/uploads\/sites\/62\/2017\/10\/Gwen_sacando_fotos.png\"><img loading=\"lazy\" class=\"alignleft size-medium wp-image-1061\" src=\"https:\/\/static-blogs.diariovasco.com\/wp-content\/uploads\/sites\/62\/2017\/10\/Gwen_sacando_fotos-300x225.png\" alt=\"gwen_sacando_fotos\" width=\"300\" height=\"225\" srcset=\"https:\/\/static-blogs.diariovasco.com\/wp-content\/uploads\/sites\/62\/2017\/10\/Gwen_sacando_fotos-300x225.png 300w, https:\/\/static-blogs.diariovasco.com\/wp-content\/uploads\/sites\/62\/2017\/10\/Gwen_sacando_fotos.png 640w\" sizes=\"(max-width: 300px) 100vw, 300px\" \/><\/a><\/p>\n<p>Este cliente me hac\u00eda este comentario por la frialdad con la que hab\u00eda trascurrido un acto, no porque pensara que las personas que trataban de grabar hicieran mal, sino porque en el momento de los aplausos estaban m\u00e1s ocupados en tomar la foto que en <strong>expresar<\/strong> su admiraci\u00f3n resultando una actuaci\u00f3n fr\u00eda por parte del p\u00fablico.<\/p>\n<p>Es verdad, que cada vez existe m\u00e1s la obsesi\u00f3n de grabar, como si el tener las im\u00e1genes guardadas en el m\u00f3vil vayan a garantizarnos poder retener o disfrutar m\u00e1s de ese momento. De hecho, en algunas ocasiones he visto que algunos padres obsesionados por grabar la actuaci\u00f3n, partido o competici\u00f3n de los hijos no han disfrutado del momento. \u00bfPiensan que lo van a disfrutar m\u00e1s si lo ven despu\u00e9s? \u00bfO si lo pueden ver en cualquier momento? S\u00e9 que algunas personas, por los nervios que pasan en estos momentos prefieren verlos en diferido, una vez se sabe el resultado y que todo ha salido bien. Pero tambi\u00e9n hay que tener en cuenta que, al hacerlo de esta forma, nos impedimos a nosotros mismos <strong>disfrutar<\/strong> del momento presente.<a href=\"https:\/\/static-blogs.diariovasco.com\/wp-content\/uploads\/sites\/62\/2017\/10\/amigas-movil-hablar.jpg\"><img loading=\"lazy\" class=\"alignright size-medium wp-image-1062\" src=\"https:\/\/static-blogs.diariovasco.com\/wp-content\/uploads\/sites\/62\/2017\/10\/amigas-movil-hablar-300x225.jpg\" alt=\"amigas-movil-hablar\" width=\"300\" height=\"225\" srcset=\"https:\/\/static-blogs.diariovasco.com\/wp-content\/uploads\/sites\/62\/2017\/10\/amigas-movil-hablar-300x225.jpg 300w, https:\/\/static-blogs.diariovasco.com\/wp-content\/uploads\/sites\/62\/2017\/10\/amigas-movil-hablar.jpg 700w\" sizes=\"(max-width: 300px) 100vw, 300px\" \/><\/a><\/p>\n<p>Por una parte, la obsesi\u00f3n de hacer fotos nos transmite la necesidad que tenemos de tener que guardar todas nuestras vivencias para constatar que son ciertas, como si el vivirlas sin m\u00e1s no fuera suficiente. De hecho, cuando alguien nos cuenta un suceso, cada vez es m\u00e1s habitual que acompa\u00f1e la narraci\u00f3n con una foto, y si no lo hace que se la pidamos nosotros, ya no nos conformamos con la palabra, necesitamos un refuerzo visual.\u00a0 Por otra parte, nos transmite la poca atenci\u00f3n que ponemos en vivir el momento presente, pensando en que este se va a ampliar a cuando lo recordemos viendo esa foto, pero sin darnos cuenta que el momento es el que es, y lo recordaremos como lo vivamos en el presente, por lo que si nos centramos en disfrutarlo vamos a poder tener mejores recuerdos que si nos entretenemos en sacar fotos. No significa que no podamos sacar una foto, pero no nos perdamos el <strong>presente<\/strong> por pensar que tendremos un futuro mejor.<\/p>\n<!-- AddThis Advanced Settings generic via filter on the_content --><!-- AddThis Share Buttons generic via filter on the_content -->","protected":false},"excerpt":{"rendered":"<p>Hace unos d\u00edas un cliente me pon\u00eda en antecedentes sobre una nueva realidad que est\u00e1 ocurriendo \u00faltimamente en ciertos acontecimientos culturales y deportivos: se prioriza el grabar con el m\u00f3vil o sacar una foto a aplaudir a la estrella o personaje en cuesti\u00f3n. \u00bfHemos dejado de mostrar la admiraci\u00f3n por el deseo de tener una [&hellip;]<!-- AddThis Advanced Settings generic via filter on get_the_excerpt --><!-- AddThis Share Buttons generic via filter on get_the_excerpt --><\/p>\n","protected":false},"author":93,"featured_media":0,"comment_status":"open","ping_status":"closed","sticky":false,"template":"","format":"standard","meta":[],"categories":[1],"tags":[],"_links":{"self":[{"href":"https:\/\/blogs.diariovasco.com\/trampolin-vida\/wp-json\/wp\/v2\/posts\/1060"}],"collection":[{"href":"https:\/\/blogs.diariovasco.com\/trampolin-vida\/wp-json\/wp\/v2\/posts"}],"about":[{"href":"https:\/\/blogs.diariovasco.com\/trampolin-vida\/wp-json\/wp\/v2\/types\/post"}],"author":[{"embeddable":true,"href":"https:\/\/blogs.diariovasco.com\/trampolin-vida\/wp-json\/wp\/v2\/users\/93"}],"replies":[{"embeddable":true,"href":"https:\/\/blogs.diariovasco.com\/trampolin-vida\/wp-json\/wp\/v2\/comments?post=1060"}],"version-history":[{"count":1,"href":"https:\/\/blogs.diariovasco.com\/trampolin-vida\/wp-json\/wp\/v2\/posts\/1060\/revisions"}],"predecessor-version":[{"id":1063,"href":"https:\/\/blogs.diariovasco.com\/trampolin-vida\/wp-json\/wp\/v2\/posts\/1060\/revisions\/1063"}],"wp:attachment":[{"href":"https:\/\/blogs.diariovasco.com\/trampolin-vida\/wp-json\/wp\/v2\/media?parent=1060"}],"wp:term":[{"taxonomy":"category","embeddable":true,"href":"https:\/\/blogs.diariovasco.com\/trampolin-vida\/wp-json\/wp\/v2\/categories?post=1060"},{"taxonomy":"post_tag","embeddable":true,"href":"https:\/\/blogs.diariovasco.com\/trampolin-vida\/wp-json\/wp\/v2\/tags?post=1060"}],"curies":[{"name":"wp","href":"https:\/\/api.w.org\/{rel}","templated":true}]}}