{"id":1477,"date":"2019-10-30T07:00:14","date_gmt":"2019-10-30T06:00:14","guid":{"rendered":"https:\/\/blogs.diariovasco.com\/trampolin-vida\/?p=1477"},"modified":"2019-10-28T18:01:37","modified_gmt":"2019-10-28T17:01:37","slug":"otono-para-descansar","status":"publish","type":"post","link":"https:\/\/blogs.diariovasco.com\/trampolin-vida\/2019\/10\/30\/otono-para-descansar\/","title":{"rendered":"Oto\u00f1o para descansar"},"content":{"rendered":"<p>Hace unas semanas que comenz\u00f3 el oto\u00f1o y ha llegado el momento de descansar, o al menos esto es lo que la <strong>naturaleza<\/strong> nos propone. Tal y como est\u00e1 planteado nuestro ritmo de vida en la sociedad actual, el verano es un periodo de descanso, desconexi\u00f3n y diversi\u00f3n, y una vez que finaliza este, en septiembre, comenzamos un nuevo curso, con nuevos proyectos y nueva \u00e9poca que afrontar. Se supone que el verano lo hemos utilizado para recargar las pilas, cada uno como haya pensado que m\u00e1s le conviene, no haciendo nada o realizando un mont\u00f3n de actividades que nos llenan de energ\u00eda, pero prepar\u00e1ndonos para pasar un a\u00f1o de trabajo y obligaciones que realizar.<img loading=\"lazy\" class=\"alignleft size-medium wp-image-1478\" src=\"https:\/\/static-blogs.diariovasco.com\/wp-content\/uploads\/sites\/62\/2019\/10\/oto\u00f1o-200x300.jpg\" alt=\"\" width=\"200\" height=\"300\" srcset=\"https:\/\/static-blogs.diariovasco.com\/wp-content\/uploads\/sites\/62\/2019\/10\/oto\u00f1o-200x300.jpg 200w, https:\/\/static-blogs.diariovasco.com\/wp-content\/uploads\/sites\/62\/2019\/10\/oto\u00f1o.jpg 334w\" sizes=\"(max-width: 200px) 100vw, 200px\" \/><\/p>\n<p>Sin embargo, la naturaleza no se expresa de esta forma, tras la explosi\u00f3n del verano, llega el oto\u00f1o, en la que comienza su <strong>descanso<\/strong>, dejando que las hojas se caigan y algunos animales comiencen su letargo hasta la primavera. El oto\u00f1o es la estaci\u00f3n en la que las noches son igual de largas que los d\u00edas y comienza a hacer fr\u00edo, lo que acompa\u00f1a al recogimiento. Tal y como solemos decir coloquialmente, es \u201ctiempo de sof\u00e1 y mantita\u201d en casa, y dej\u00e1ndonos llevar por el tiempo y la naturaleza, plegarnos y reposar.<\/p>\n<p>Pero como el ritmo que la sociedad nos obliga a llevar no es igual al de la naturaleza, debemos ponernos las pilas, y a pesar de hacer m\u00e1s fr\u00edo, tener menos horas de luz y un tiempo m\u00e1s desapacible, animarnos y comenzar el nuevo curso llenos de energ\u00eda. Y para poder hacerlo bien y con entusiasmo, ser conscientes que venimos de la tierra, escuchar lo que nos pide el cuerpo y no forzar m\u00e1s de la cuenta nuestro organismo, para poder dosificar las fuerzas y llegar bien al final de la primavera. O al menos, hasta las Navidades, que, aunque se entiende que son fechas de descanso, muchas veces resultan m\u00e1s estresantes que los d\u00edas cotidianos.<img loading=\"lazy\" class=\"alignright size-medium wp-image-1479\" src=\"https:\/\/static-blogs.diariovasco.com\/wp-content\/uploads\/sites\/62\/2019\/10\/oto\u00f1o2-300x200.jpg\" alt=\"\" width=\"300\" height=\"200\" srcset=\"https:\/\/static-blogs.diariovasco.com\/wp-content\/uploads\/sites\/62\/2019\/10\/oto\u00f1o2-300x200.jpg 300w, https:\/\/static-blogs.diariovasco.com\/wp-content\/uploads\/sites\/62\/2019\/10\/oto\u00f1o2-768x512.jpg 768w, https:\/\/static-blogs.diariovasco.com\/wp-content\/uploads\/sites\/62\/2019\/10\/oto\u00f1o2-628x419.jpg 628w, https:\/\/static-blogs.diariovasco.com\/wp-content\/uploads\/sites\/62\/2019\/10\/oto\u00f1o2.jpg 1050w\" sizes=\"(max-width: 300px) 100vw, 300px\" \/><\/p>\n<p>Por lo tanto, y para emprender con buenos resultados el \u201cnuevo curso\u201d y los objetivos que en este nos hemos marcado, podemos empezar disfrutando cada d\u00eda de un tiempo para nosotros de ocio y descanso, que nos permita ir recarg\u00e1ndonos, a la vez que nos <strong>fusionamos<\/strong> con la naturaleza y con lo que esta nos demanda como parte de ella. Descansar es bueno para el cuerpo, y debemos poder hacerlo sin ning\u00fan tipo de culpabilidad y disfrutando de sus beneficios.<\/p>\n<!-- AddThis Advanced Settings generic via filter on the_content --><!-- AddThis Share Buttons generic via filter on the_content -->","protected":false},"excerpt":{"rendered":"<p>Hace unas semanas que comenz\u00f3 el oto\u00f1o y ha llegado el momento de descansar, o al menos esto es lo que la naturaleza nos propone. Tal y como est\u00e1 planteado nuestro ritmo de vida en la sociedad actual, el verano es un periodo de descanso, desconexi\u00f3n y diversi\u00f3n, y una vez que finaliza este, en [&hellip;]<!-- AddThis Advanced Settings generic via filter on get_the_excerpt --><!-- AddThis Share Buttons generic via filter on get_the_excerpt --><\/p>\n","protected":false},"author":93,"featured_media":0,"comment_status":"open","ping_status":"closed","sticky":false,"template":"","format":"standard","meta":[],"categories":[1],"tags":[],"_links":{"self":[{"href":"https:\/\/blogs.diariovasco.com\/trampolin-vida\/wp-json\/wp\/v2\/posts\/1477"}],"collection":[{"href":"https:\/\/blogs.diariovasco.com\/trampolin-vida\/wp-json\/wp\/v2\/posts"}],"about":[{"href":"https:\/\/blogs.diariovasco.com\/trampolin-vida\/wp-json\/wp\/v2\/types\/post"}],"author":[{"embeddable":true,"href":"https:\/\/blogs.diariovasco.com\/trampolin-vida\/wp-json\/wp\/v2\/users\/93"}],"replies":[{"embeddable":true,"href":"https:\/\/blogs.diariovasco.com\/trampolin-vida\/wp-json\/wp\/v2\/comments?post=1477"}],"version-history":[{"count":2,"href":"https:\/\/blogs.diariovasco.com\/trampolin-vida\/wp-json\/wp\/v2\/posts\/1477\/revisions"}],"predecessor-version":[{"id":1481,"href":"https:\/\/blogs.diariovasco.com\/trampolin-vida\/wp-json\/wp\/v2\/posts\/1477\/revisions\/1481"}],"wp:attachment":[{"href":"https:\/\/blogs.diariovasco.com\/trampolin-vida\/wp-json\/wp\/v2\/media?parent=1477"}],"wp:term":[{"taxonomy":"category","embeddable":true,"href":"https:\/\/blogs.diariovasco.com\/trampolin-vida\/wp-json\/wp\/v2\/categories?post=1477"},{"taxonomy":"post_tag","embeddable":true,"href":"https:\/\/blogs.diariovasco.com\/trampolin-vida\/wp-json\/wp\/v2\/tags?post=1477"}],"curies":[{"name":"wp","href":"https:\/\/api.w.org\/{rel}","templated":true}]}}