{"id":1483,"date":"2019-11-06T07:00:10","date_gmt":"2019-11-06T06:00:10","guid":{"rendered":"https:\/\/blogs.diariovasco.com\/trampolin-vida\/?p=1483"},"modified":"2019-11-05T16:54:13","modified_gmt":"2019-11-05T15:54:13","slug":"bilocacion","status":"publish","type":"post","link":"https:\/\/blogs.diariovasco.com\/trampolin-vida\/2019\/11\/06\/bilocacion\/","title":{"rendered":"Bilocaci\u00f3n"},"content":{"rendered":"<p>Hace unos d\u00edas le\u00eda un art\u00edculo de este mismo peri\u00f3dico en el que aparec\u00eda esta palabra, y sobre la que se realizaba una reflexi\u00f3n, que a mi parecer es muy acertada. La palabra en cuesti\u00f3n es \u201c<strong>bilocaci\u00f3n\u201d<\/strong>: &#8220;el t\u00e9rmino utilizado para describir un\u00a0<a href=\"https:\/\/es.wikipedia.org\/wiki\/Fen%C3%B3meno_paranormal\" rel=\"external nofollow\">fen\u00f3meno paranormal<\/a>,\u00a0<a href=\"https:\/\/es.wikipedia.org\/wiki\/Sobrenatural\" rel=\"external nofollow\">sobrenatural<\/a>\u00a0o\u00a0<a href=\"https:\/\/es.wikipedia.org\/wiki\/Divino\" rel=\"external nofollow\">divino<\/a>, seg\u00fan el cual una persona u objeto estar\u00eda ubicado en dos lugares diferentes al mismo tiempo&#8221;. En esta cr\u00f3nica se hace referencia a este t\u00e9rmino por la capacidad que tenemos las personas de ser incongruentes y pensar una cosa y hacer otra, es decir, por ejemplo acudir a una manifestaci\u00f3n contra el cambio clim\u00e1tico a la vez que llevamos bolsas de pl\u00e1stico con nosotros. En este caso, el t\u00e9rmino bilocaci\u00f3n no hace referencia a ning\u00fan fen\u00f3meno paranormal, sino todo lo contrario, al h\u00e1bito mucho m\u00e1s normal del que queremos reconocer, y que habla de la incoherencia e hipocres\u00eda con la que actuamos las personas.<img loading=\"lazy\" class=\"alignleft size-medium wp-image-1484\" src=\"https:\/\/static-blogs.diariovasco.com\/wp-content\/uploads\/sites\/62\/2019\/11\/COHERENCIA-300x169.jpg\" alt=\"\" width=\"300\" height=\"169\" srcset=\"https:\/\/static-blogs.diariovasco.com\/wp-content\/uploads\/sites\/62\/2019\/11\/COHERENCIA-300x169.jpg 300w, https:\/\/static-blogs.diariovasco.com\/wp-content\/uploads\/sites\/62\/2019\/11\/COHERENCIA-768x432.jpg 768w, https:\/\/static-blogs.diariovasco.com\/wp-content\/uploads\/sites\/62\/2019\/11\/COHERENCIA-628x353.jpg 628w, https:\/\/static-blogs.diariovasco.com\/wp-content\/uploads\/sites\/62\/2019\/11\/COHERENCIA.jpg 1280w\" sizes=\"(max-width: 300px) 100vw, 300px\" \/><\/p>\n<p>Congruencia es el t\u00e9rmino que define cuando una persona piensa, dice, hace y siente lo mismo, algo que no siempre nos resulta f\u00e1cil.<\/p>\n<p>&nbsp;<\/p>\n<p>COHERENCIA\u00a0 =\u00a0\u00a0 PENSAR\u00a0 =\u00a0 DECIR\u00a0 =\u00a0 SENTIR\u00a0 =\u00a0 HACER<\/p>\n<p>&nbsp;<\/p>\n<p>Si fu\u00e9ramos totalmente coherentes, por ejemplo, no utilizar\u00edamos el aire acondicionado en verano o nos ir\u00edamos de vacaciones en avi\u00f3n estando preocupados por el medio ambiente, o incluso no nos quejar\u00edamos de los turistas que llegan a nuestra ciudad para luego irnos nosotros de visita a otra ciudad. Muchas veces nos excusamos en m\u00faltiples pretextos como la falta de tiempo, nuestra actitud que consideramos mejor frente a la de los dem\u00e1s o lo dif\u00edcil que nos resulta adoptar nuevos h\u00e1bitos, pero el caso es que en muchas ocasiones nos comportamos de forma incoherente.<img loading=\"lazy\" class=\"alignright size-medium wp-image-1485\" src=\"https:\/\/static-blogs.diariovasco.com\/wp-content\/uploads\/sites\/62\/2019\/11\/photo-1564419434663-c49967363849-240x300.jpg\" alt=\"\" width=\"240\" height=\"300\" srcset=\"https:\/\/static-blogs.diariovasco.com\/wp-content\/uploads\/sites\/62\/2019\/11\/photo-1564419434663-c49967363849-240x300.jpg 240w, https:\/\/static-blogs.diariovasco.com\/wp-content\/uploads\/sites\/62\/2019\/11\/photo-1564419434663-c49967363849-503x628.jpg 503w, https:\/\/static-blogs.diariovasco.com\/wp-content\/uploads\/sites\/62\/2019\/11\/photo-1564419434663-c49967363849.jpg 701w\" sizes=\"(max-width: 240px) 100vw, 240px\" \/><\/p>\n<p>Casi siempre, actuar de esta forma se debe a que nos resulta m\u00e1s <strong>f\u00e1cil <\/strong>ser incoherentes que esforzarnos por hacer las cosas tal y como las pensamos, o hacer lo que sentimos. El problema radica cuando esta <strong>incoherencia<\/strong> se cronifica en temas que van en contra de nuestros principios, ya que con el tiempo nuestro comportamiento se vuelve en nuestra contra y en lugar de hacernos la vida m\u00e1s f\u00e1cil, comenzamos a sentirnos mal. Cuando tratamos de temas menores, o a los que les concedemos menos importancia, situarnos en dos posturas diferentes, no nos representa nada, mientras que si se trata de temas que nos afectan, sobre todo emocionalmente, ser bilocuentes, nos lleva a estar mal. Por lo tanto, tengamos cuidado lo que pensamos, no vaya a ser que no lo podamos verbalizar o llevar a cabo y terminemos sinti\u00e9ndonos mal.<\/p>\n<!-- AddThis Advanced Settings generic via filter on the_content --><!-- AddThis Share Buttons generic via filter on the_content -->","protected":false},"excerpt":{"rendered":"<p>Hace unos d\u00edas le\u00eda un art\u00edculo de este mismo peri\u00f3dico en el que aparec\u00eda esta palabra, y sobre la que se realizaba una reflexi\u00f3n, que a mi parecer es muy acertada. La palabra en cuesti\u00f3n es \u201cbilocaci\u00f3n\u201d: &#8220;el t\u00e9rmino utilizado para describir un\u00a0fen\u00f3meno paranormal,\u00a0sobrenatural\u00a0o\u00a0divino, seg\u00fan el cual una persona u objeto estar\u00eda ubicado en dos [&hellip;]<!-- AddThis Advanced Settings generic via filter on get_the_excerpt --><!-- AddThis Share Buttons generic via filter on get_the_excerpt --><\/p>\n","protected":false},"author":93,"featured_media":0,"comment_status":"open","ping_status":"closed","sticky":false,"template":"","format":"standard","meta":[],"categories":[1],"tags":[],"_links":{"self":[{"href":"https:\/\/blogs.diariovasco.com\/trampolin-vida\/wp-json\/wp\/v2\/posts\/1483"}],"collection":[{"href":"https:\/\/blogs.diariovasco.com\/trampolin-vida\/wp-json\/wp\/v2\/posts"}],"about":[{"href":"https:\/\/blogs.diariovasco.com\/trampolin-vida\/wp-json\/wp\/v2\/types\/post"}],"author":[{"embeddable":true,"href":"https:\/\/blogs.diariovasco.com\/trampolin-vida\/wp-json\/wp\/v2\/users\/93"}],"replies":[{"embeddable":true,"href":"https:\/\/blogs.diariovasco.com\/trampolin-vida\/wp-json\/wp\/v2\/comments?post=1483"}],"version-history":[{"count":2,"href":"https:\/\/blogs.diariovasco.com\/trampolin-vida\/wp-json\/wp\/v2\/posts\/1483\/revisions"}],"predecessor-version":[{"id":1487,"href":"https:\/\/blogs.diariovasco.com\/trampolin-vida\/wp-json\/wp\/v2\/posts\/1483\/revisions\/1487"}],"wp:attachment":[{"href":"https:\/\/blogs.diariovasco.com\/trampolin-vida\/wp-json\/wp\/v2\/media?parent=1483"}],"wp:term":[{"taxonomy":"category","embeddable":true,"href":"https:\/\/blogs.diariovasco.com\/trampolin-vida\/wp-json\/wp\/v2\/categories?post=1483"},{"taxonomy":"post_tag","embeddable":true,"href":"https:\/\/blogs.diariovasco.com\/trampolin-vida\/wp-json\/wp\/v2\/tags?post=1483"}],"curies":[{"name":"wp","href":"https:\/\/api.w.org\/{rel}","templated":true}]}}