{"id":1488,"date":"2019-11-13T07:00:38","date_gmt":"2019-11-13T06:00:38","guid":{"rendered":"https:\/\/blogs.diariovasco.com\/trampolin-vida\/?p=1488"},"modified":"2019-11-12T19:21:35","modified_gmt":"2019-11-12T18:21:35","slug":"mal-uso-del-plastico","status":"publish","type":"post","link":"https:\/\/blogs.diariovasco.com\/trampolin-vida\/2019\/11\/13\/mal-uso-del-plastico\/","title":{"rendered":"Mal uso del pl\u00e1stico"},"content":{"rendered":"<p>Empezamos a estar <strong>concienciados<\/strong> con el cambio clim\u00e1tico y con la necesidad de hacer algo al respecto. Por supuesto, considero que son los gobiernos quienes m\u00e1s pueden hacer a trav\u00e9s de sus leyes y sus medidas para salvar el planeta, y que, si ellos no act\u00faan, poco podemos hacer los dem\u00e1s, pero tambi\u00e9n tengo claro que somos los ciudadanos con nuestros actos y nuestros votos quienes podemos hacer realidad este cambio. En este sentido hemos empezado a desechar las bolsas de pl\u00e1stico y a procurar utilizar bolsas de tela para hacer la compra, aunque a veces las de pl\u00e1stico nos resulten c\u00f3modas y nos vengan bien, pero utilizarlas nos hace sentirnos culpables.<img loading=\"lazy\" class=\"alignleft size-medium wp-image-1489\" src=\"https:\/\/static-blogs.diariovasco.com\/wp-content\/uploads\/sites\/62\/2019\/11\/plastico-300x200.jpg\" alt=\"\" width=\"300\" height=\"200\" srcset=\"https:\/\/static-blogs.diariovasco.com\/wp-content\/uploads\/sites\/62\/2019\/11\/plastico-300x200.jpg 300w, https:\/\/static-blogs.diariovasco.com\/wp-content\/uploads\/sites\/62\/2019\/11\/plastico-768x512.jpg 768w, https:\/\/static-blogs.diariovasco.com\/wp-content\/uploads\/sites\/62\/2019\/11\/plastico-628x419.jpg 628w, https:\/\/static-blogs.diariovasco.com\/wp-content\/uploads\/sites\/62\/2019\/11\/plastico.jpg 1050w\" sizes=\"(max-width: 300px) 100vw, 300px\" \/><\/p>\n<p>En este sentido, y pensando en que hay momentos en los que considero que el pl\u00e1stico no es un \u201cdemonio\u201d al que echarle la culpa de lo que est\u00e1 ocurriendo en nuestro planeta, o por lo menos, que es un \u201cproducto\u201d, por lo que no podemos responsabilizarle de nuestro mal uso, me ha llegado un v\u00eddeo que me ha parecido muy interesante. Se trata de una conferencia de <strong>Sadhguru, <\/strong>yogui y autor ind\u00fa, al que una chica le pregunta por la soluci\u00f3n para eliminar los residuos de pl\u00e1stico. Su respuesta puede parecernos sorprendente, porque lo primero que puntualiza es que el pl\u00e1stico es un material milagroso y que ha beneficiado en muchos aspectos al hombre, pero que es su mal uso por nuestra parte, lo que le ha hecho peligroso para el planeta. Tiene claro que con la ayuda de los gobiernos es posible neutralizar el problema, pero que somos todos nosotros quienes debemos concienciarnos y tomar la responsabilidad de darle un buen uso. De hecho, hace hincapi\u00e9 en que es un material muy beneficioso y que, siendo los recursos limitados, el pl\u00e1stico se puede reciclar muchas veces, lo que per-<\/p>\n<p><img loading=\"lazy\" class=\"alignright size-medium wp-image-1490\" src=\"https:\/\/static-blogs.diariovasco.com\/wp-content\/uploads\/sites\/62\/2019\/11\/sadhguru-236x300.jpg\" alt=\"\" width=\"236\" height=\"300\" srcset=\"https:\/\/static-blogs.diariovasco.com\/wp-content\/uploads\/sites\/62\/2019\/11\/sadhguru-236x300.jpg 236w, https:\/\/static-blogs.diariovasco.com\/wp-content\/uploads\/sites\/62\/2019\/11\/sadhguru-768x974.jpg 768w, https:\/\/static-blogs.diariovasco.com\/wp-content\/uploads\/sites\/62\/2019\/11\/sadhguru-495x628.jpg 495w, https:\/\/static-blogs.diariovasco.com\/wp-content\/uploads\/sites\/62\/2019\/11\/sadhguru.jpg 800w\" sizes=\"(max-width: 236px) 100vw, 236px\" \/>mite reutilizarlo sin agotar otros recursos, pero para esto, debemos ser conscientes de la importancia de reciclarlo y desde luego, de no verterlo en r\u00edos y mares donde perjudica gravemente a la naturaleza y a estos otros recursos que s\u00ed son limitados y que tanto cuesta recuperar.<\/p>\n<p>Creo, que por una vez alguien se ha atrevido a dar una visi\u00f3n m\u00e1s certera de la realidad, sin echar balones fuera, demonizando un material que ha fabricado el hombre, que tantos buenos usos nos ha proporcionado, pero que es su <strong>mal uso<\/strong> y lo incorrectamente que lo desechamos lo que lo ha convertido en un problema.<\/p>\n<p>&nbsp;<\/p>\n<p>&nbsp;<\/p>\n<!-- AddThis Advanced Settings generic via filter on the_content --><!-- AddThis Share Buttons generic via filter on the_content -->","protected":false},"excerpt":{"rendered":"<p>Empezamos a estar concienciados con el cambio clim\u00e1tico y con la necesidad de hacer algo al respecto. Por supuesto, considero que son los gobiernos quienes m\u00e1s pueden hacer a trav\u00e9s de sus leyes y sus medidas para salvar el planeta, y que, si ellos no act\u00faan, poco podemos hacer los dem\u00e1s, pero tambi\u00e9n tengo claro [&hellip;]<!-- AddThis Advanced Settings generic via filter on get_the_excerpt --><!-- AddThis Share Buttons generic via filter on get_the_excerpt --><\/p>\n","protected":false},"author":93,"featured_media":0,"comment_status":"open","ping_status":"closed","sticky":false,"template":"","format":"standard","meta":[],"categories":[1],"tags":[],"_links":{"self":[{"href":"https:\/\/blogs.diariovasco.com\/trampolin-vida\/wp-json\/wp\/v2\/posts\/1488"}],"collection":[{"href":"https:\/\/blogs.diariovasco.com\/trampolin-vida\/wp-json\/wp\/v2\/posts"}],"about":[{"href":"https:\/\/blogs.diariovasco.com\/trampolin-vida\/wp-json\/wp\/v2\/types\/post"}],"author":[{"embeddable":true,"href":"https:\/\/blogs.diariovasco.com\/trampolin-vida\/wp-json\/wp\/v2\/users\/93"}],"replies":[{"embeddable":true,"href":"https:\/\/blogs.diariovasco.com\/trampolin-vida\/wp-json\/wp\/v2\/comments?post=1488"}],"version-history":[{"count":3,"href":"https:\/\/blogs.diariovasco.com\/trampolin-vida\/wp-json\/wp\/v2\/posts\/1488\/revisions"}],"predecessor-version":[{"id":1493,"href":"https:\/\/blogs.diariovasco.com\/trampolin-vida\/wp-json\/wp\/v2\/posts\/1488\/revisions\/1493"}],"wp:attachment":[{"href":"https:\/\/blogs.diariovasco.com\/trampolin-vida\/wp-json\/wp\/v2\/media?parent=1488"}],"wp:term":[{"taxonomy":"category","embeddable":true,"href":"https:\/\/blogs.diariovasco.com\/trampolin-vida\/wp-json\/wp\/v2\/categories?post=1488"},{"taxonomy":"post_tag","embeddable":true,"href":"https:\/\/blogs.diariovasco.com\/trampolin-vida\/wp-json\/wp\/v2\/tags?post=1488"}],"curies":[{"name":"wp","href":"https:\/\/api.w.org\/{rel}","templated":true}]}}