{"id":1497,"date":"2019-11-27T07:00:40","date_gmt":"2019-11-27T06:00:40","guid":{"rendered":"https:\/\/blogs.diariovasco.com\/trampolin-vida\/?p=1497"},"modified":"2019-11-19T18:41:04","modified_gmt":"2019-11-19T17:41:04","slug":"la-cortina-magica","status":"publish","type":"post","link":"https:\/\/blogs.diariovasco.com\/trampolin-vida\/2019\/11\/27\/la-cortina-magica\/","title":{"rendered":"La cortina m\u00e1gica"},"content":{"rendered":"<p>Hace unos d\u00edas viendo un programa de radio Gaga me encontr\u00e9 con una herramienta maravillosa: \u201cla cortina m\u00e1gica\u201d y que pienso utilizar en el futuro. El programa trataba sobre un colegio en el que cohabitan personas de diferentes pa\u00edses y en un momento dado y ante las preguntas de los entrevistadores, uno de los chavales hablaba sobre el temor de padecer bullying cuando pasaran al instituto, ya que en ese colegio se sent\u00eda protegido por las herramientas con las que contaban. Ten\u00edan diferentes recursos muy potentes para evitar este drama que sufren muchos estudiantes, y con los que se sent\u00edan seguros, y, sobre todo, y sin querer ahondar ahora en este tema, me interes\u00f3 uno que llamaban la <strong>cortina m\u00e1gica<\/strong>.<img loading=\"lazy\" class=\"alignleft size-medium wp-image-1498\" src=\"https:\/\/static-blogs.diariovasco.com\/wp-content\/uploads\/sites\/62\/2019\/11\/cortina-300x200.jpg\" alt=\"\" width=\"300\" height=\"200\" srcset=\"https:\/\/static-blogs.diariovasco.com\/wp-content\/uploads\/sites\/62\/2019\/11\/cortina-300x200.jpg 300w, https:\/\/static-blogs.diariovasco.com\/wp-content\/uploads\/sites\/62\/2019\/11\/cortina-768x512.jpg 768w, https:\/\/static-blogs.diariovasco.com\/wp-content\/uploads\/sites\/62\/2019\/11\/cortina-628x419.jpg 628w, https:\/\/static-blogs.diariovasco.com\/wp-content\/uploads\/sites\/62\/2019\/11\/cortina.jpg 1050w\" sizes=\"(max-width: 300px) 100vw, 300px\" \/><\/p>\n<p>Quiero destacar en este post este recurso porque me parece un arma muy interesante para todos nosotros, aunque no hayamos pasado por un proceso de bullying, pero que por desgracia seguro que en alg\u00fan momento nos hemos encontrado con alguien que nos ha dicho algo desagradable o que act\u00faa con nosotros de forma incorrecta, con esas personas podemos utilizar nuestra cortina m\u00e1gica. Esta consiste en imaginarnos que corremos una cortina entre esa persona t\u00f3xica y nosotros, que nos impide verle y escuchar sus palabras, consiguiendo que esa persona no exista para nosotros, y, por lo tanto, no pueda hacernos da\u00f1o.<img loading=\"lazy\" class=\"alignright size-medium wp-image-1499\" src=\"https:\/\/static-blogs.diariovasco.com\/wp-content\/uploads\/sites\/62\/2019\/11\/cortina2-203x300.jpg\" alt=\"\" width=\"203\" height=\"300\" srcset=\"https:\/\/static-blogs.diariovasco.com\/wp-content\/uploads\/sites\/62\/2019\/11\/cortina2-203x300.jpg 203w, https:\/\/static-blogs.diariovasco.com\/wp-content\/uploads\/sites\/62\/2019\/11\/cortina2.jpg 339w\" sizes=\"(max-width: 203px) 100vw, 203px\" \/><\/p>\n<p>Me parece estupendo poder <strong>utilizar<\/strong> esta cortina con cualquiera que pueda acercarse a nosotros para perjudicarnos, ya que sin faltar al respeto ni tener que decir nada, vamos a conseguir que esa persona termine alej\u00e1ndose de nosotros, porque no hay mayor desprecio que no hacer aprecio, y la persona termina cans\u00e1ndose hasta marcharse. Adem\u00e1s, se puede utilizar en cualquier ocasi\u00f3n y en <strong>cualquier lugar<\/strong>, incluso con aquellas personas que queremos pero que en alg\u00fan momento concreto debemos tomar distancia para lograr nuestros objetivos, por ejemplo, la insistencia de amigos para salir cuando tenemos que estudiar o cuando nuestros hijos se ponen pelmas pidiendo algo que no queremos conceder.<\/p>\n<p>Por supuesto, debemos mantener un cierto control con esta cortina, no vayamos a alejarnos demasiado de nuestros seres queridos o aplicarlo con los jefes cuando nos piden algo importante, pero s\u00ed con aquellas personas que nos quieren da\u00f1ar con sus palabras o sus gestos.<\/p>\n","protected":false},"excerpt":{"rendered":"<p>Hace unos d\u00edas viendo un programa de radio Gaga me encontr\u00e9 con una herramienta maravillosa: \u201cla cortina m\u00e1gica\u201d y que pienso utilizar en el futuro. El programa trataba sobre un colegio en el que cohabitan personas de diferentes pa\u00edses y en un momento dado y ante las preguntas de los entrevistadores, uno de los chavales [&hellip;]<\/p>\n","protected":false},"author":93,"featured_media":0,"comment_status":"open","ping_status":"closed","sticky":false,"template":"","format":"standard","meta":[],"categories":[1],"tags":[],"_links":{"self":[{"href":"https:\/\/blogs.diariovasco.com\/trampolin-vida\/wp-json\/wp\/v2\/posts\/1497"}],"collection":[{"href":"https:\/\/blogs.diariovasco.com\/trampolin-vida\/wp-json\/wp\/v2\/posts"}],"about":[{"href":"https:\/\/blogs.diariovasco.com\/trampolin-vida\/wp-json\/wp\/v2\/types\/post"}],"author":[{"embeddable":true,"href":"https:\/\/blogs.diariovasco.com\/trampolin-vida\/wp-json\/wp\/v2\/users\/93"}],"replies":[{"embeddable":true,"href":"https:\/\/blogs.diariovasco.com\/trampolin-vida\/wp-json\/wp\/v2\/comments?post=1497"}],"version-history":[{"count":1,"href":"https:\/\/blogs.diariovasco.com\/trampolin-vida\/wp-json\/wp\/v2\/posts\/1497\/revisions"}],"predecessor-version":[{"id":1500,"href":"https:\/\/blogs.diariovasco.com\/trampolin-vida\/wp-json\/wp\/v2\/posts\/1497\/revisions\/1500"}],"wp:attachment":[{"href":"https:\/\/blogs.diariovasco.com\/trampolin-vida\/wp-json\/wp\/v2\/media?parent=1497"}],"wp:term":[{"taxonomy":"category","embeddable":true,"href":"https:\/\/blogs.diariovasco.com\/trampolin-vida\/wp-json\/wp\/v2\/categories?post=1497"},{"taxonomy":"post_tag","embeddable":true,"href":"https:\/\/blogs.diariovasco.com\/trampolin-vida\/wp-json\/wp\/v2\/tags?post=1497"}],"curies":[{"name":"wp","href":"https:\/\/api.w.org\/{rel}","templated":true}]}}