{"id":1513,"date":"2019-12-18T07:00:34","date_gmt":"2019-12-18T06:00:34","guid":{"rendered":"https:\/\/blogs.diariovasco.com\/trampolin-vida\/?p=1513"},"modified":"2019-12-17T17:09:11","modified_gmt":"2019-12-17T16:09:11","slug":"si-a-discutir-en-navidades","status":"publish","type":"post","link":"https:\/\/blogs.diariovasco.com\/trampolin-vida\/2019\/12\/18\/si-a-discutir-en-navidades\/","title":{"rendered":"S\u00ed a discutir en Navidades"},"content":{"rendered":"<p>Se acercan las Navidades y con ellas las tan temibles reuniones familiares, de amigos o de trabajo. Digo lo de tan temidas porque en muchas ocasiones se les relaciona con las posibles discusiones que se suelen suceder en estos encuentros, y porque percibimos estas disputas como algo negativo, pensando que mantener estos desencuentros es malo, sin apreciar su parte <strong>positiva<\/strong>.<img loading=\"lazy\" class=\"alignleft size-medium wp-image-1515\" src=\"https:\/\/static-blogs.diariovasco.com\/wp-content\/uploads\/sites\/62\/2019\/12\/familia-navidad-300x146.jpg\" alt=\"\" width=\"300\" height=\"146\" srcset=\"https:\/\/static-blogs.diariovasco.com\/wp-content\/uploads\/sites\/62\/2019\/12\/familia-navidad-300x146.jpg 300w, https:\/\/static-blogs.diariovasco.com\/wp-content\/uploads\/sites\/62\/2019\/12\/familia-navidad-768x374.jpg 768w, https:\/\/static-blogs.diariovasco.com\/wp-content\/uploads\/sites\/62\/2019\/12\/familia-navidad-628x306.jpg 628w, https:\/\/static-blogs.diariovasco.com\/wp-content\/uploads\/sites\/62\/2019\/12\/familia-navidad.jpg 1024w\" sizes=\"(max-width: 300px) 100vw, 300px\" \/><\/p>\n<p>Cuando hablamos de salir de nuestra zona de confort no s\u00f3lo se trata de enfrentarnos a nuevas situaciones, tambi\u00e9n de valorar nuevas opiniones ajenas a las nuestras, que, aunque no estemos de acuerdo nos sirven para realizar nuevas reflexiones sobre un tema. Normalmente tendemos a reunirnos con personas que piensan igual que nosotros, y como la cotidianeidad nos arrastra, terminamos en un c\u00edrculo de opini\u00f3n muy cerrado, sabiendo lo que piensa cada uno de los que nos rodea, sin permitirnos escuchar nuevos puntos de vista. Pero estas fechas nos \u201cobligan\u201d a convivir con personas con las que quiz\u00e1 no nos sentimos c\u00f3modos en una conversaci\u00f3n, pero que sin embargo pueden aportarnos mucho a pesar de que no nos gusten sus opiniones. Se habla de los \u201ccu\u00f1ados\u201d que lo saben todo, el compa\u00f1ero de trabajo que siempre quiere tener la raz\u00f3n o la amiga \u201cmariperfecta\u201d, como los fantasmas de las navidades, porque hay que aguantar durante unas horas procurando no caer en la tentaci\u00f3n de discutir, en lo que muchas veces solemos fracasar pendien<\/p>\n<p><img loading=\"lazy\" class=\"alignright size-medium wp-image-1516\" src=\"https:\/\/static-blogs.diariovasco.com\/wp-content\/uploads\/sites\/62\/2019\/12\/navidadjpg-200x300.jpg\" alt=\"\" width=\"200\" height=\"300\" srcset=\"https:\/\/static-blogs.diariovasco.com\/wp-content\/uploads\/sites\/62\/2019\/12\/navidadjpg-200x300.jpg 200w, https:\/\/static-blogs.diariovasco.com\/wp-content\/uploads\/sites\/62\/2019\/12\/navidadjpg.jpg 334w\" sizes=\"(max-width: 200px) 100vw, 200px\" \/><\/p>\n<p>tes de no hacerlo. El fragor de la conversaci\u00f3n, el sentirnos mal por estar escuchando puntos de vista que nos hacen \u201chervir la sangre\u201d termina en una discusi\u00f3n de la que luego nos arrepentimos durante mucho tiempo, y haciendo que temamos las pr\u00f3ximas navidades por temor a volver a pasar por lo mismo.<\/p>\n<p>Sin embargo, si vivimos estas discusiones como oportunidades para conocer nuevos puntos de vista, hacernos <strong>reflexionar<\/strong> y ser capaces de entender a quienes no comparten nuestra misma opini\u00f3n y llevarnos bien con ellos, vamos a poder disfrutar de estas reuniones, queriendo incluso debatir de temas nuevos con ellos cuando surjan, queriendo saber qu\u00e9 es lo que les hace pensar de forma tan diferente a nosotros. Esta nueva perspectiva de las discusiones no s\u00f3lo nos va a ofrecer nuevos pensamientos, sino tambi\u00e9n la posibilidad de <strong>abrir la mente<\/strong> y de poder compartir la vida con personas que piensan muy diferente a nosotros disfrutando de su compa\u00f1\u00eda. No todos somos iguales ni pensamos igual, y en esto radica lo divertido de la compa\u00f1\u00eda de los dem\u00e1s.<\/p>\n<!-- AddThis Advanced Settings generic via filter on the_content --><!-- AddThis Share Buttons generic via filter on the_content -->","protected":false},"excerpt":{"rendered":"<p>Se acercan las Navidades y con ellas las tan temibles reuniones familiares, de amigos o de trabajo. Digo lo de tan temidas porque en muchas ocasiones se les relaciona con las posibles discusiones que se suelen suceder en estos encuentros, y porque percibimos estas disputas como algo negativo, pensando que mantener estos desencuentros es malo, [&hellip;]<!-- AddThis Advanced Settings generic via filter on get_the_excerpt --><!-- AddThis Share Buttons generic via filter on get_the_excerpt --><\/p>\n","protected":false},"author":93,"featured_media":0,"comment_status":"open","ping_status":"closed","sticky":false,"template":"","format":"standard","meta":[],"categories":[1],"tags":[],"_links":{"self":[{"href":"https:\/\/blogs.diariovasco.com\/trampolin-vida\/wp-json\/wp\/v2\/posts\/1513"}],"collection":[{"href":"https:\/\/blogs.diariovasco.com\/trampolin-vida\/wp-json\/wp\/v2\/posts"}],"about":[{"href":"https:\/\/blogs.diariovasco.com\/trampolin-vida\/wp-json\/wp\/v2\/types\/post"}],"author":[{"embeddable":true,"href":"https:\/\/blogs.diariovasco.com\/trampolin-vida\/wp-json\/wp\/v2\/users\/93"}],"replies":[{"embeddable":true,"href":"https:\/\/blogs.diariovasco.com\/trampolin-vida\/wp-json\/wp\/v2\/comments?post=1513"}],"version-history":[{"count":1,"href":"https:\/\/blogs.diariovasco.com\/trampolin-vida\/wp-json\/wp\/v2\/posts\/1513\/revisions"}],"predecessor-version":[{"id":1517,"href":"https:\/\/blogs.diariovasco.com\/trampolin-vida\/wp-json\/wp\/v2\/posts\/1513\/revisions\/1517"}],"wp:attachment":[{"href":"https:\/\/blogs.diariovasco.com\/trampolin-vida\/wp-json\/wp\/v2\/media?parent=1513"}],"wp:term":[{"taxonomy":"category","embeddable":true,"href":"https:\/\/blogs.diariovasco.com\/trampolin-vida\/wp-json\/wp\/v2\/categories?post=1513"},{"taxonomy":"post_tag","embeddable":true,"href":"https:\/\/blogs.diariovasco.com\/trampolin-vida\/wp-json\/wp\/v2\/tags?post=1513"}],"curies":[{"name":"wp","href":"https:\/\/api.w.org\/{rel}","templated":true}]}}