{"id":1518,"date":"2019-12-25T07:00:25","date_gmt":"2019-12-25T06:00:25","guid":{"rendered":"https:\/\/blogs.diariovasco.com\/trampolin-vida\/?p=1518"},"modified":"2019-12-17T17:34:23","modified_gmt":"2019-12-17T16:34:23","slug":"feliz-navidad","status":"publish","type":"post","link":"https:\/\/blogs.diariovasco.com\/trampolin-vida\/2019\/12\/25\/feliz-navidad\/","title":{"rendered":"Feliz Navidad"},"content":{"rendered":"<p>Estamos en plenas Navidades y son momentos de disfrutar, cada uno como mejor le parezca o prefiera, aunque a veces haya que \u201csacrificarse\u201d por la familia. Hay momentos en los que algunas personas querr\u00edan irse y desaparecer en alg\u00fan lugar para no tener que <strong>celebrarlas<\/strong>, pero que por consideraci\u00f3n a alguno de ellos termina cediendo y qued\u00e1ndose a celebrarlo en familia. Sea como fuere, teniendo que cocinar para todos, organizar las fiestas o tener que aguantar a quienes no queremos, podemos guardar un rato para nosotros y disfrutar de \u00e9l.<img loading=\"lazy\" class=\"alignleft size-medium wp-image-1519\" src=\"https:\/\/static-blogs.diariovasco.com\/wp-content\/uploads\/sites\/62\/2019\/12\/Navidad2-200x300.jpg\" alt=\"\" width=\"200\" height=\"300\" srcset=\"https:\/\/static-blogs.diariovasco.com\/wp-content\/uploads\/sites\/62\/2019\/12\/Navidad2-200x300.jpg 200w, https:\/\/static-blogs.diariovasco.com\/wp-content\/uploads\/sites\/62\/2019\/12\/Navidad2.jpg 334w\" sizes=\"(max-width: 200px) 100vw, 200px\" \/><\/p>\n<p>Es verdad que no siempre podemos hacer lo que queremos, o \u00bfsi?, pero aunque decidamos que no, podemos <strong>disfrutar<\/strong> de nuestra decisi\u00f3n de hacer lo que los dem\u00e1s nos piden, bien tom\u00e1ndolo desde una actitud positiva, o reservando en estas fechas tiempo para nuestro propio gozo, tomando una postura \u201cego\u00edsta\u201d, pero que nos permita deleitarnos de esos momentos.<img loading=\"lazy\" class=\"alignright size-medium wp-image-1520\" src=\"https:\/\/static-blogs.diariovasco.com\/wp-content\/uploads\/sites\/62\/2019\/12\/navidad3-300x200.jpg\" alt=\"\" width=\"300\" height=\"200\" srcset=\"https:\/\/static-blogs.diariovasco.com\/wp-content\/uploads\/sites\/62\/2019\/12\/navidad3-300x200.jpg 300w, https:\/\/static-blogs.diariovasco.com\/wp-content\/uploads\/sites\/62\/2019\/12\/navidad3-768x512.jpg 768w, https:\/\/static-blogs.diariovasco.com\/wp-content\/uploads\/sites\/62\/2019\/12\/navidad3-628x419.jpg 628w, https:\/\/static-blogs.diariovasco.com\/wp-content\/uploads\/sites\/62\/2019\/12\/navidad3.jpg 1050w\" sizes=\"(max-width: 300px) 100vw, 300px\" \/><\/p>\n<p>Por lo tanto, Feliz Navidad para todos, para los que les gustan estas fechas y para los que las aborrecen o quieren estar lo m\u00e1s lejos posible de las celebraciones, pero que cada uno a su estilo, pueda ser feliz durante estos d\u00edas. Al final, lo que importa, sea el d\u00eda que sea, es sentirnos bien y tener la sensaci\u00f3n de estar haci\u00e9ndolo bien para disfrutar de cada d\u00eda, sin importarnos la fecha que es. Y a quienes les gusten las Navidades, espero que este a\u00f1o sean como las imaginan, que puedan divertirse en las reuniones de familia y amigos, y que sientan la paz y la armon\u00eda que se respira en estos d\u00edas. Aprovecho tambi\u00e9n para desearos muy buena despedida de este a\u00f1o 2019, ya que este va a ser el \u00faltimo post del a\u00f1o, y esperando que todos entr\u00e9is con muy buen pie en el pr\u00f3ximo a\u00f1o, recordando vuestros sue\u00f1os para hacerlos realidad.<\/p>\n<p><strong>FELIZ NAVIDAD Y FELIZ A\u00d1O NUEVO<\/strong><\/p>\n<!-- AddThis Advanced Settings generic via filter on the_content --><!-- AddThis Share Buttons generic via filter on the_content -->","protected":false},"excerpt":{"rendered":"<p>Estamos en plenas Navidades y son momentos de disfrutar, cada uno como mejor le parezca o prefiera, aunque a veces haya que \u201csacrificarse\u201d por la familia. Hay momentos en los que algunas personas querr\u00edan irse y desaparecer en alg\u00fan lugar para no tener que celebrarlas, pero que por consideraci\u00f3n a alguno de ellos termina cediendo [&hellip;]<!-- AddThis Advanced Settings generic via filter on get_the_excerpt --><!-- AddThis Share Buttons generic via filter on get_the_excerpt --><\/p>\n","protected":false},"author":93,"featured_media":0,"comment_status":"open","ping_status":"closed","sticky":false,"template":"","format":"standard","meta":[],"categories":[1],"tags":[],"_links":{"self":[{"href":"https:\/\/blogs.diariovasco.com\/trampolin-vida\/wp-json\/wp\/v2\/posts\/1518"}],"collection":[{"href":"https:\/\/blogs.diariovasco.com\/trampolin-vida\/wp-json\/wp\/v2\/posts"}],"about":[{"href":"https:\/\/blogs.diariovasco.com\/trampolin-vida\/wp-json\/wp\/v2\/types\/post"}],"author":[{"embeddable":true,"href":"https:\/\/blogs.diariovasco.com\/trampolin-vida\/wp-json\/wp\/v2\/users\/93"}],"replies":[{"embeddable":true,"href":"https:\/\/blogs.diariovasco.com\/trampolin-vida\/wp-json\/wp\/v2\/comments?post=1518"}],"version-history":[{"count":1,"href":"https:\/\/blogs.diariovasco.com\/trampolin-vida\/wp-json\/wp\/v2\/posts\/1518\/revisions"}],"predecessor-version":[{"id":1521,"href":"https:\/\/blogs.diariovasco.com\/trampolin-vida\/wp-json\/wp\/v2\/posts\/1518\/revisions\/1521"}],"wp:attachment":[{"href":"https:\/\/blogs.diariovasco.com\/trampolin-vida\/wp-json\/wp\/v2\/media?parent=1518"}],"wp:term":[{"taxonomy":"category","embeddable":true,"href":"https:\/\/blogs.diariovasco.com\/trampolin-vida\/wp-json\/wp\/v2\/categories?post=1518"},{"taxonomy":"post_tag","embeddable":true,"href":"https:\/\/blogs.diariovasco.com\/trampolin-vida\/wp-json\/wp\/v2\/tags?post=1518"}],"curies":[{"name":"wp","href":"https:\/\/api.w.org\/{rel}","templated":true}]}}