{"id":1537,"date":"2020-01-29T07:00:42","date_gmt":"2020-01-29T06:00:42","guid":{"rendered":"https:\/\/blogs.diariovasco.com\/trampolin-vida\/?p=1537"},"modified":"2020-01-28T20:09:09","modified_gmt":"2020-01-28T19:09:09","slug":"99-euros","status":"publish","type":"post","link":"https:\/\/blogs.diariovasco.com\/trampolin-vida\/2020\/01\/29\/99-euros\/","title":{"rendered":"99 Euros"},"content":{"rendered":"<p>Pensando en cu\u00e1l iba a ser el siguiente tema para escribir en este blog, he escuchado en la radio una conversaci\u00f3n que me ha dado la respuesta. Un famoso deportista y comentarista hablaba sobre una visita que hab\u00eda realizado a una psic\u00f3loga en un momento de su vida en el que se encontraba \u201cenfadado con el mundo\u201d. Contaba que las visitas a consulta se terminaron despu\u00e9s de la primera, ya que las \u00faltimas palabras de la profesional le hicieron pensar que no deb\u00eda confiar en los consejos de alguien que le dec\u00eda eso: La sesi\u00f3n son <strong>99 euros<\/strong>.<img loading=\"lazy\" class=\"alignleft size-medium wp-image-1538\" src=\"https:\/\/static-blogs.diariovasco.com\/wp-content\/uploads\/sites\/62\/2020\/01\/100-300x200.jpg\" alt=\"\" width=\"300\" height=\"200\" srcset=\"https:\/\/static-blogs.diariovasco.com\/wp-content\/uploads\/sites\/62\/2020\/01\/100-300x200.jpg 300w, https:\/\/static-blogs.diariovasco.com\/wp-content\/uploads\/sites\/62\/2020\/01\/100-768x512.jpg 768w, https:\/\/static-blogs.diariovasco.com\/wp-content\/uploads\/sites\/62\/2020\/01\/100-628x419.jpg 628w, https:\/\/static-blogs.diariovasco.com\/wp-content\/uploads\/sites\/62\/2020\/01\/100.jpg 1051w\" sizes=\"(max-width: 300px) 100vw, 300px\" \/><\/p>\n<p>Pens\u00f3 que alguien que era capaz de tarifar su trabajo de esa forma no pod\u00eda ser una profesional seria, ya que parece un importe de \u201csaldo\u201d o de rebajas, aunque no quiera decir con esto que le pareciera barato, pero s\u00ed ha reconocido que le hubiera parecido m\u00e1s seria una tarifa con un n\u00famero redondo. Sin querer entrar a valorar lo que cobra un profesional, ya que mi experiencia me ha ense\u00f1ado que una de las cosas que m\u00e1s nos cuesta es ponerle <strong>precio a nuestro trabajo<\/strong>, hay que destacar que el marketing es muy importante a la hora de vender cualquier producto o servicio, y que no siempre los profesionales que deben aprender a vender sus servicios son capaces de acertar con la forma de gestionar esta parte de su trabajo. Muchas veces ni los expertos en marketing saben dar con la f\u00f3rmula m\u00e1gica, como para que pueda hacerlo alguien ajeno a la actividad. De todos modos, y aunque tengo que reconocer que cuando he escuchado la an\u00e9cdota a mi tambi\u00e9n me ha hecho gracia y he entendido lo que el protagonista quer\u00eda decir, los 99 euros pueden tener otro simbolismo que es lo que me ha llevado a escribir este post.<img loading=\"lazy\" class=\"alignright size-medium wp-image-1539\" src=\"https:\/\/static-blogs.diariovasco.com\/wp-content\/uploads\/sites\/62\/2020\/01\/euro-300x200.jpg\" alt=\"\" width=\"300\" height=\"200\" srcset=\"https:\/\/static-blogs.diariovasco.com\/wp-content\/uploads\/sites\/62\/2020\/01\/euro-300x200.jpg 300w, https:\/\/static-blogs.diariovasco.com\/wp-content\/uploads\/sites\/62\/2020\/01\/euro-768x512.jpg 768w, https:\/\/static-blogs.diariovasco.com\/wp-content\/uploads\/sites\/62\/2020\/01\/euro-628x419.jpg 628w, https:\/\/static-blogs.diariovasco.com\/wp-content\/uploads\/sites\/62\/2020\/01\/euro.jpg 1050w\" sizes=\"(max-width: 300px) 100vw, 300px\" \/><\/p>\n<p>Hace a\u00f1os, en una formaci\u00f3n escuch\u00e9 algo parecido, una tarifa en la que el profesional se ve\u00eda obligado a tener que devolver una moneda a su cliente por el hecho de lo que el gesto representaba. Est\u00e1 claro que en principio al profesional le resulta m\u00e1s c\u00f3modo cobrar una tarifa redonda y no tener que tener siempre monedas de un euro para poder dar los cambios, pero el hecho de devolver una moneda significa <strong>cerrar el v\u00ednculo<\/strong> con el cliente, dar algo a cambio de lo recibido, y de esta forma estrechar la relaci\u00f3n entre ambos.<\/p>\n<p>Con esto no quiero decir que este profesional haya elegido este importe por esta causa, pero me he acordado de lo que me contaron y me ha parecido interesante compartirlo, porque no siempre entendemos lo que se nos cobre por algunos servicios y c\u00f3mo se ha llegado a establecer una tarifa.<\/p>\n<!-- AddThis Advanced Settings generic via filter on the_content --><!-- AddThis Share Buttons generic via filter on the_content -->","protected":false},"excerpt":{"rendered":"<p>Pensando en cu\u00e1l iba a ser el siguiente tema para escribir en este blog, he escuchado en la radio una conversaci\u00f3n que me ha dado la respuesta. Un famoso deportista y comentarista hablaba sobre una visita que hab\u00eda realizado a una psic\u00f3loga en un momento de su vida en el que se encontraba \u201cenfadado con [&hellip;]<!-- AddThis Advanced Settings generic via filter on get_the_excerpt --><!-- AddThis Share Buttons generic via filter on get_the_excerpt --><\/p>\n","protected":false},"author":93,"featured_media":0,"comment_status":"open","ping_status":"closed","sticky":false,"template":"","format":"standard","meta":[],"categories":[1],"tags":[],"_links":{"self":[{"href":"https:\/\/blogs.diariovasco.com\/trampolin-vida\/wp-json\/wp\/v2\/posts\/1537"}],"collection":[{"href":"https:\/\/blogs.diariovasco.com\/trampolin-vida\/wp-json\/wp\/v2\/posts"}],"about":[{"href":"https:\/\/blogs.diariovasco.com\/trampolin-vida\/wp-json\/wp\/v2\/types\/post"}],"author":[{"embeddable":true,"href":"https:\/\/blogs.diariovasco.com\/trampolin-vida\/wp-json\/wp\/v2\/users\/93"}],"replies":[{"embeddable":true,"href":"https:\/\/blogs.diariovasco.com\/trampolin-vida\/wp-json\/wp\/v2\/comments?post=1537"}],"version-history":[{"count":1,"href":"https:\/\/blogs.diariovasco.com\/trampolin-vida\/wp-json\/wp\/v2\/posts\/1537\/revisions"}],"predecessor-version":[{"id":1540,"href":"https:\/\/blogs.diariovasco.com\/trampolin-vida\/wp-json\/wp\/v2\/posts\/1537\/revisions\/1540"}],"wp:attachment":[{"href":"https:\/\/blogs.diariovasco.com\/trampolin-vida\/wp-json\/wp\/v2\/media?parent=1537"}],"wp:term":[{"taxonomy":"category","embeddable":true,"href":"https:\/\/blogs.diariovasco.com\/trampolin-vida\/wp-json\/wp\/v2\/categories?post=1537"},{"taxonomy":"post_tag","embeddable":true,"href":"https:\/\/blogs.diariovasco.com\/trampolin-vida\/wp-json\/wp\/v2\/tags?post=1537"}],"curies":[{"name":"wp","href":"https:\/\/api.w.org\/{rel}","templated":true}]}}