{"id":1541,"date":"2020-02-05T07:00:26","date_gmt":"2020-02-05T06:00:26","guid":{"rendered":"https:\/\/blogs.diariovasco.com\/trampolin-vida\/?p=1541"},"modified":"2020-02-04T19:36:05","modified_gmt":"2020-02-04T18:36:05","slug":"ya-estamos-en-febrero","status":"publish","type":"post","link":"https:\/\/blogs.diariovasco.com\/trampolin-vida\/2020\/02\/05\/ya-estamos-en-febrero\/","title":{"rendered":"Ya estamos en Febrero"},"content":{"rendered":"<p>Ya estamos en Febrero, nos ha dado tiempo de habernos retado a nosotros mismos con nuevos objetivos para este a\u00f1o y habernos cansado de estos objetivos. Enero es un mes muy largo, para algunos largu\u00edsimo, que no ayuda a la realizaci\u00f3n de nuevos retos: empezamos con resaca, continuamos con las compras de reyes, pasamos por las rebajas, hacemos piruetas con los n\u00fameros para poder terminar el mes, y encima algunos tenemos la fiesta mayor sin tiempo de recuperarnos f\u00edsicamente y econ\u00f3micamente. Por esto, Febrero es el mes ideal para valorar c\u00f3mo queremos que sea nuestro pr\u00f3ximo a\u00f1o, desde la tranquilidad y la recuperaci\u00f3n f\u00edsica y monetaria.<img loading=\"lazy\" class=\"alignleft size-medium wp-image-1542\" src=\"https:\/\/static-blogs.diariovasco.com\/wp-content\/uploads\/sites\/62\/2020\/02\/february-300x300.jpg\" alt=\"\" width=\"300\" height=\"300\" srcset=\"https:\/\/static-blogs.diariovasco.com\/wp-content\/uploads\/sites\/62\/2020\/02\/february-300x300.jpg 300w, https:\/\/static-blogs.diariovasco.com\/wp-content\/uploads\/sites\/62\/2020\/02\/february-150x150.jpg 150w, https:\/\/static-blogs.diariovasco.com\/wp-content\/uploads\/sites\/62\/2020\/02\/february-768x768.jpg 768w, https:\/\/static-blogs.diariovasco.com\/wp-content\/uploads\/sites\/62\/2020\/02\/february-628x628.jpg 628w, https:\/\/static-blogs.diariovasco.com\/wp-content\/uploads\/sites\/62\/2020\/02\/february.jpg 800w\" sizes=\"(max-width: 300px) 100vw, 300px\" \/><\/p>\n<p>&nbsp;<\/p>\n<p>Ahora tenemos <strong>once<\/strong> maravillosos meses para valorar c\u00f3mo queremos que sea nuestra vida y qu\u00e9 queremos obtener de ella, sabiendo los impedimentos que hemos tenido en el primer mes y con la experiencia de lo vivido motiv\u00e1ndonos para lograrlo en el futuro. Lo que haya pasado en el \u00faltimo mes no importa, aunque s\u00ed debemos tener en cuenta los errores cometidos para aprender de ellos y enderezar la forma de hacerlo. Quiz\u00e1 debemos cambiar el objetivo, no pasa nada, y desde luego no debemos verlo como un fracaso. Tendemos a empe\u00f1arnos en terminar algo que nos hemos propuesto, pensando que no hacerlo significa fracasar, pero tenemos que aprender tambi\u00e9n de nosotros y saber utilizar la flexibilidad. No siempre lo que pensamos en un primer momento es lo acertado, y muchas veces es mejor <strong>rectificar<\/strong> que obcecarnos en algo que no nos va a dar el resultado deseado, o la satisfacci\u00f3n buscada o que no mantiene el equilibrio adecuado entre esfuerzo y resultado. Importante recordar que cuando trabajamos un objetivo no debe poner en peligro los dem\u00e1s aspectos de nuestra vida ni desbaratar esta.<img loading=\"lazy\" class=\"alignright size-medium wp-image-1543\" src=\"https:\/\/static-blogs.diariovasco.com\/wp-content\/uploads\/sites\/62\/2020\/02\/2020-300x169.jpg\" alt=\"\" width=\"300\" height=\"169\" srcset=\"https:\/\/static-blogs.diariovasco.com\/wp-content\/uploads\/sites\/62\/2020\/02\/2020-300x169.jpg 300w, https:\/\/static-blogs.diariovasco.com\/wp-content\/uploads\/sites\/62\/2020\/02\/2020-768x432.jpg 768w, https:\/\/static-blogs.diariovasco.com\/wp-content\/uploads\/sites\/62\/2020\/02\/2020-628x353.jpg 628w, https:\/\/static-blogs.diariovasco.com\/wp-content\/uploads\/sites\/62\/2020\/02\/2020.jpg 960w\" sizes=\"(max-width: 300px) 100vw, 300px\" \/><\/p>\n<p>Por lo tanto, tras la primera prueba en cambiar nuestra vida o en querer mejorarla, si no nos ha funcionado no debemos desesperarnos y tirar la toalla, sino tomar nota de lo ocurrido y mejorar la forma de hacerlo o cambiar de objetivo hacia alguno m\u00e1s realista. Recordemos que querer mejorar es algo muy loable, y que su fin \u00faltimo es sentirnos mejor, por lo tanto, no debemos dejarnos llevar por la frustraci\u00f3n de no haberlo conseguido a la primera y motivarnos para conseguirlo a la segunda, o si es necesario, tercera, cuarta\u2026 Lo importante es <strong>estar bien<\/strong> y sentirnos vivos con nuevos retos.<\/p>\n<!-- AddThis Advanced Settings generic via filter on the_content --><!-- AddThis Share Buttons generic via filter on the_content -->","protected":false},"excerpt":{"rendered":"<p>Ya estamos en Febrero, nos ha dado tiempo de habernos retado a nosotros mismos con nuevos objetivos para este a\u00f1o y habernos cansado de estos objetivos. Enero es un mes muy largo, para algunos largu\u00edsimo, que no ayuda a la realizaci\u00f3n de nuevos retos: empezamos con resaca, continuamos con las compras de reyes, pasamos por [&hellip;]<!-- AddThis Advanced Settings generic via filter on get_the_excerpt --><!-- AddThis Share Buttons generic via filter on get_the_excerpt --><\/p>\n","protected":false},"author":93,"featured_media":0,"comment_status":"open","ping_status":"closed","sticky":false,"template":"","format":"standard","meta":[],"categories":[1],"tags":[],"_links":{"self":[{"href":"https:\/\/blogs.diariovasco.com\/trampolin-vida\/wp-json\/wp\/v2\/posts\/1541"}],"collection":[{"href":"https:\/\/blogs.diariovasco.com\/trampolin-vida\/wp-json\/wp\/v2\/posts"}],"about":[{"href":"https:\/\/blogs.diariovasco.com\/trampolin-vida\/wp-json\/wp\/v2\/types\/post"}],"author":[{"embeddable":true,"href":"https:\/\/blogs.diariovasco.com\/trampolin-vida\/wp-json\/wp\/v2\/users\/93"}],"replies":[{"embeddable":true,"href":"https:\/\/blogs.diariovasco.com\/trampolin-vida\/wp-json\/wp\/v2\/comments?post=1541"}],"version-history":[{"count":1,"href":"https:\/\/blogs.diariovasco.com\/trampolin-vida\/wp-json\/wp\/v2\/posts\/1541\/revisions"}],"predecessor-version":[{"id":1544,"href":"https:\/\/blogs.diariovasco.com\/trampolin-vida\/wp-json\/wp\/v2\/posts\/1541\/revisions\/1544"}],"wp:attachment":[{"href":"https:\/\/blogs.diariovasco.com\/trampolin-vida\/wp-json\/wp\/v2\/media?parent=1541"}],"wp:term":[{"taxonomy":"category","embeddable":true,"href":"https:\/\/blogs.diariovasco.com\/trampolin-vida\/wp-json\/wp\/v2\/categories?post=1541"},{"taxonomy":"post_tag","embeddable":true,"href":"https:\/\/blogs.diariovasco.com\/trampolin-vida\/wp-json\/wp\/v2\/tags?post=1541"}],"curies":[{"name":"wp","href":"https:\/\/api.w.org\/{rel}","templated":true}]}}