{"id":1546,"date":"2020-02-19T07:00:52","date_gmt":"2020-02-19T06:00:52","guid":{"rendered":"https:\/\/blogs.diariovasco.com\/trampolin-vida\/?p=1546"},"modified":"2020-02-18T18:43:37","modified_gmt":"2020-02-18T17:43:37","slug":"ataque-a-la-web","status":"publish","type":"post","link":"https:\/\/blogs.diariovasco.com\/trampolin-vida\/2020\/02\/19\/ataque-a-la-web\/","title":{"rendered":"Ataque a la web"},"content":{"rendered":"<p>A pesar de tener preparado un post como cada semana, esta vez he querido referirme a un hecho que me acaba de ocurrir y que me gustar\u00eda poder compartir con vosotros. Parece ser que mi web ha sido \u201catacada\u201d y no se puede acceder a ella. Tengo que reconocer que no entiendo nada y que no s\u00e9 cu\u00e1l puede ser el prop\u00f3sito de este hecho, ya que la m\u00eda es una modesta web y no encuentro el sentido a este ataque. Desde aqu\u00ed me gustar\u00eda denunciar este hecho y hacer llegar a mis clientes el mensaje que hasta que pueda solucionar el problema la web permanece inutilizada.<img loading=\"lazy\" class=\"alignright size-medium wp-image-1547\" src=\"https:\/\/static-blogs.diariovasco.com\/wp-content\/uploads\/sites\/62\/2020\/02\/web-300x200.jpg\" alt=\"\" width=\"300\" height=\"200\" srcset=\"https:\/\/static-blogs.diariovasco.com\/wp-content\/uploads\/sites\/62\/2020\/02\/web-300x200.jpg 300w, https:\/\/static-blogs.diariovasco.com\/wp-content\/uploads\/sites\/62\/2020\/02\/web-768x512.jpg 768w, https:\/\/static-blogs.diariovasco.com\/wp-content\/uploads\/sites\/62\/2020\/02\/web-628x419.jpg 628w, https:\/\/static-blogs.diariovasco.com\/wp-content\/uploads\/sites\/62\/2020\/02\/web.jpg 1050w\" sizes=\"(max-width: 300px) 100vw, 300px\" \/><\/p>\n<p>Espero poder descubrir lo ocurrido y las razones que motivan a alguien a hacer algo as\u00ed, porque quiz\u00e1 pueda servir a otras personas que tambi\u00e9n utilizan webs para dar a conocer sus trabajos, y poder compartir el modo de impedirlo y de solucionarlo.<\/p>\n<!-- AddThis Advanced Settings generic via filter on the_content --><!-- AddThis Share Buttons generic via filter on the_content -->","protected":false},"excerpt":{"rendered":"<p>A pesar de tener preparado un post como cada semana, esta vez he querido referirme a un hecho que me acaba de ocurrir y que me gustar\u00eda poder compartir con vosotros. Parece ser que mi web ha sido \u201catacada\u201d y no se puede acceder a ella. Tengo que reconocer que no entiendo nada y que [&hellip;]<!-- AddThis Advanced Settings generic via filter on get_the_excerpt --><!-- AddThis Share Buttons generic via filter on get_the_excerpt --><\/p>\n","protected":false},"author":93,"featured_media":0,"comment_status":"open","ping_status":"closed","sticky":false,"template":"","format":"standard","meta":[],"categories":[1],"tags":[],"_links":{"self":[{"href":"https:\/\/blogs.diariovasco.com\/trampolin-vida\/wp-json\/wp\/v2\/posts\/1546"}],"collection":[{"href":"https:\/\/blogs.diariovasco.com\/trampolin-vida\/wp-json\/wp\/v2\/posts"}],"about":[{"href":"https:\/\/blogs.diariovasco.com\/trampolin-vida\/wp-json\/wp\/v2\/types\/post"}],"author":[{"embeddable":true,"href":"https:\/\/blogs.diariovasco.com\/trampolin-vida\/wp-json\/wp\/v2\/users\/93"}],"replies":[{"embeddable":true,"href":"https:\/\/blogs.diariovasco.com\/trampolin-vida\/wp-json\/wp\/v2\/comments?post=1546"}],"version-history":[{"count":1,"href":"https:\/\/blogs.diariovasco.com\/trampolin-vida\/wp-json\/wp\/v2\/posts\/1546\/revisions"}],"predecessor-version":[{"id":1548,"href":"https:\/\/blogs.diariovasco.com\/trampolin-vida\/wp-json\/wp\/v2\/posts\/1546\/revisions\/1548"}],"wp:attachment":[{"href":"https:\/\/blogs.diariovasco.com\/trampolin-vida\/wp-json\/wp\/v2\/media?parent=1546"}],"wp:term":[{"taxonomy":"category","embeddable":true,"href":"https:\/\/blogs.diariovasco.com\/trampolin-vida\/wp-json\/wp\/v2\/categories?post=1546"},{"taxonomy":"post_tag","embeddable":true,"href":"https:\/\/blogs.diariovasco.com\/trampolin-vida\/wp-json\/wp\/v2\/tags?post=1546"}],"curies":[{"name":"wp","href":"https:\/\/api.w.org\/{rel}","templated":true}]}}