{"id":1621,"date":"2020-05-20T07:00:42","date_gmt":"2020-05-20T05:00:42","guid":{"rendered":"https:\/\/blogs.diariovasco.com\/trampolin-vida\/?p=1621"},"modified":"2020-05-19T20:03:14","modified_gmt":"2020-05-19T18:03:14","slug":"la-comunicacion-con-mascarilla","status":"publish","type":"post","link":"https:\/\/blogs.diariovasco.com\/trampolin-vida\/2020\/05\/20\/la-comunicacion-con-mascarilla\/","title":{"rendered":"La comunicaci\u00f3n con mascarilla"},"content":{"rendered":"<p>Vamos entrando en la nueva normalidad aprendiendo a vivir en ella, y por lo que parece vamos a tener que acostumbrarnos a llevar mascarillas en los lugares p\u00fablicos cerrados. En muchas ocasiones he comentado en este blog los problemas que se originan por las <strong>distorsiones<\/strong> en la comunicaci\u00f3n, algo que tengo la sensaci\u00f3n que se va a agravar con el uso de las mascarillas y que deberemos aprender a utilizar.<img loading=\"lazy\" class=\"alignleft size-medium wp-image-1622\" src=\"https:\/\/static-blogs.diariovasco.com\/wp-content\/uploads\/sites\/62\/2020\/05\/mascarillas-300x200.jpg\" alt=\"\" width=\"300\" height=\"200\" srcset=\"https:\/\/static-blogs.diariovasco.com\/wp-content\/uploads\/sites\/62\/2020\/05\/mascarillas-300x200.jpg 300w, https:\/\/static-blogs.diariovasco.com\/wp-content\/uploads\/sites\/62\/2020\/05\/mascarillas-768x512.jpg 768w, https:\/\/static-blogs.diariovasco.com\/wp-content\/uploads\/sites\/62\/2020\/05\/mascarillas-628x419.jpg 628w, https:\/\/static-blogs.diariovasco.com\/wp-content\/uploads\/sites\/62\/2020\/05\/mascarillas.jpg 1050w\" sizes=\"(max-width: 300px) 100vw, 300px\" \/><\/p>\n<p>Hace unos d\u00edas tuve que trabajar preparando unos lotes con una persona que no conoc\u00eda, y por supuesto utilizando las medidas de seguridad que ahora son obligatorias. Se dice que la menor distancia entre dos personas es una sonrisa, y es una apreciaci\u00f3n que procuro poner en pr\u00e1ctica cuando no conozco a alguien a modo de acercamiento. Pero en esta ocasi\u00f3n, me daba cuenta que me costaba transmitir que estaba sonriendo. Por supuesto, a una persona de mi edad se le nota en el contorno de los ojos cuando sonr\u00ede, pero esto no quita para que sientas que no est\u00e1s comunicando como a ti te gustar\u00eda al tener la mitad de la cara tapada. Hay que a\u00f1adir que con las mascarillas no se entiende bien lo que se dice, lo que tambi\u00e9n dificulta la <strong>comunicaci\u00f3n verbal<\/strong>, por lo que resulta m\u00e1s dif\u00edcil poder relacionarte con los dem\u00e1s. Escribo sobre una experiencia personal porque creo que muestra las dificultades que he podido comprobar y que me han ido contando otras personas en las \u00faltimas semanas, y con las que se han sentido inc\u00f3modas. A esto hay que a\u00f1adir que no resulta f\u00e1cil reconocer a las personas con la mascarilla, o al menos al principio, hasta que retengamos la nueva imagen de la persona con este complemento, lo que a\u00fan nos hace estar m\u00e1s \u201cdespistados\u201d ante alguien. Debemos tener presente que es una nueva situaci\u00f3n a la que tenemos que acostumbrarnos, no s\u00f3lo porque nos cueste comunicarnos m\u00e1s, sino porque tambi\u00e9n debemos habituarnos a llevarlas y a sentirnos c\u00f3modos con ellas.<img loading=\"lazy\" class=\"alignright size-medium wp-image-1623\" src=\"https:\/\/static-blogs.diariovasco.com\/wp-content\/uploads\/sites\/62\/2020\/05\/mascarilla2-225x300.jpg\" alt=\"\" width=\"225\" height=\"300\" srcset=\"https:\/\/static-blogs.diariovasco.com\/wp-content\/uploads\/sites\/62\/2020\/05\/mascarilla2-225x300.jpg 225w, https:\/\/static-blogs.diariovasco.com\/wp-content\/uploads\/sites\/62\/2020\/05\/mascarilla2-471x628.jpg 471w, https:\/\/static-blogs.diariovasco.com\/wp-content\/uploads\/sites\/62\/2020\/05\/mascarilla2.jpg 675w\" sizes=\"(max-width: 225px) 100vw, 225px\" \/><\/p>\n<p>Somos animales sociales y necesitamos comunicarnos, aunque no siempre sepamos hacerlo de la forma correcta, pero estoy segura que tambi\u00e9n aprenderemos a hacerlo con las mascarillas, aunque nos cueste m\u00e1s hacerlo. Lo que s\u00ed debemos es tener m\u00e1s paciencia y poner m\u00e1s atenci\u00f3n a lo que nos dicen, y nosotros por nuestra parte tratar de vocalizar mejor y ponerle m\u00e1s \u00e9nfasis al mensaje, comunic\u00e1ndolo de la forma m\u00e1s <strong>clara<\/strong> y concisa posible.<\/p>\n<!-- AddThis Advanced Settings generic via filter on the_content --><!-- AddThis Share Buttons generic via filter on the_content -->","protected":false},"excerpt":{"rendered":"<p>Vamos entrando en la nueva normalidad aprendiendo a vivir en ella, y por lo que parece vamos a tener que acostumbrarnos a llevar mascarillas en los lugares p\u00fablicos cerrados. En muchas ocasiones he comentado en este blog los problemas que se originan por las distorsiones en la comunicaci\u00f3n, algo que tengo la sensaci\u00f3n que se [&hellip;]<!-- AddThis Advanced Settings generic via filter on get_the_excerpt --><!-- AddThis Share Buttons generic via filter on get_the_excerpt --><\/p>\n","protected":false},"author":93,"featured_media":0,"comment_status":"open","ping_status":"closed","sticky":false,"template":"","format":"standard","meta":[],"categories":[1],"tags":[],"_links":{"self":[{"href":"https:\/\/blogs.diariovasco.com\/trampolin-vida\/wp-json\/wp\/v2\/posts\/1621"}],"collection":[{"href":"https:\/\/blogs.diariovasco.com\/trampolin-vida\/wp-json\/wp\/v2\/posts"}],"about":[{"href":"https:\/\/blogs.diariovasco.com\/trampolin-vida\/wp-json\/wp\/v2\/types\/post"}],"author":[{"embeddable":true,"href":"https:\/\/blogs.diariovasco.com\/trampolin-vida\/wp-json\/wp\/v2\/users\/93"}],"replies":[{"embeddable":true,"href":"https:\/\/blogs.diariovasco.com\/trampolin-vida\/wp-json\/wp\/v2\/comments?post=1621"}],"version-history":[{"count":1,"href":"https:\/\/blogs.diariovasco.com\/trampolin-vida\/wp-json\/wp\/v2\/posts\/1621\/revisions"}],"predecessor-version":[{"id":1624,"href":"https:\/\/blogs.diariovasco.com\/trampolin-vida\/wp-json\/wp\/v2\/posts\/1621\/revisions\/1624"}],"wp:attachment":[{"href":"https:\/\/blogs.diariovasco.com\/trampolin-vida\/wp-json\/wp\/v2\/media?parent=1621"}],"wp:term":[{"taxonomy":"category","embeddable":true,"href":"https:\/\/blogs.diariovasco.com\/trampolin-vida\/wp-json\/wp\/v2\/categories?post=1621"},{"taxonomy":"post_tag","embeddable":true,"href":"https:\/\/blogs.diariovasco.com\/trampolin-vida\/wp-json\/wp\/v2\/tags?post=1621"}],"curies":[{"name":"wp","href":"https:\/\/api.w.org\/{rel}","templated":true}]}}