{"id":1626,"date":"2020-05-27T07:00:27","date_gmt":"2020-05-27T05:00:27","guid":{"rendered":"https:\/\/blogs.diariovasco.com\/trampolin-vida\/?p=1626"},"modified":"2020-05-26T18:30:24","modified_gmt":"2020-05-26T16:30:24","slug":"1626","status":"publish","type":"post","link":"https:\/\/blogs.diariovasco.com\/trampolin-vida\/2020\/05\/27\/1626\/","title":{"rendered":""},"content":{"rendered":"<p>Poco a poco vamos volviendo a la normalidad, al menos hasta donde nos lo permiten, y debemos aprender a vivir en esta nueva realidad. La nueva situaci\u00f3n se diferencia de nuestra vida anterior al Coronavid19 b\u00e1sicamente en dos aspectos fundamentales en la vida de las personas, la libertad y el miedo.\u00a0<img loading=\"lazy\" class=\"alignleft size-medium wp-image-1628\" src=\"https:\/\/static-blogs.diariovasco.com\/wp-content\/uploads\/sites\/62\/2020\/05\/corona-1-300x200.jpg\" alt=\"\" width=\"300\" height=\"200\" srcset=\"https:\/\/static-blogs.diariovasco.com\/wp-content\/uploads\/sites\/62\/2020\/05\/corona-1-300x200.jpg 300w, https:\/\/static-blogs.diariovasco.com\/wp-content\/uploads\/sites\/62\/2020\/05\/corona-1-768x512.jpg 768w, https:\/\/static-blogs.diariovasco.com\/wp-content\/uploads\/sites\/62\/2020\/05\/corona-1-628x419.jpg 628w, https:\/\/static-blogs.diariovasco.com\/wp-content\/uploads\/sites\/62\/2020\/05\/corona-1.jpg 1050w\" sizes=\"(max-width: 300px) 100vw, 300px\" \/><\/p>\n<p>Por una parte, hemos podido observar y experimentar la falta total de libertad en nuestras vidas, incluso para lo que pens\u00e1bamos que era algo fundamental como disfrutar de nuestros seres queridos. No quiero meterme en pol\u00e9micas, pero lo que est\u00e1 claro es que durante dos meses otros han decidido por nosotros qu\u00e9 deb\u00edamos hacer, cu\u00e1ndo pod\u00edamos salir o a qui\u00e9n pod\u00edamos ver. Nos han dicho que era por nuestro bien y para proteger a nuestros mayores, y en su gran mayor\u00eda nos hemos comportado de manera heroica y mostrando much\u00edsima paciencia. Pero ahora, volvemos poco a poco a esa nueva normalidad de la que hablan, y debemos aprender otra vez a <strong>gestionar<\/strong> bien esa <strong>libertad<\/strong>, y a no permitir que en el camino hacia esa situaci\u00f3n nos corten ning\u00fan derecho que nos pertenece como individuos. Debemos ser conscientes de nuestros derechos y de saber gestionarlos correctamente para no volver a encontrarnos otra vez en una situaci\u00f3n como esta, sabiendo que cada uno tiene su parte de responsabilidad, y que no se puede cargar en otros la que nos corresponde.<img loading=\"lazy\" class=\"alignright size-medium wp-image-1627\" src=\"https:\/\/static-blogs.diariovasco.com\/wp-content\/uploads\/sites\/62\/2020\/05\/corona-240x300.jpg\" alt=\"\" width=\"240\" height=\"300\" srcset=\"https:\/\/static-blogs.diariovasco.com\/wp-content\/uploads\/sites\/62\/2020\/05\/corona-240x300.jpg 240w, https:\/\/static-blogs.diariovasco.com\/wp-content\/uploads\/sites\/62\/2020\/05\/corona-503x628.jpg 503w, https:\/\/static-blogs.diariovasco.com\/wp-content\/uploads\/sites\/62\/2020\/05\/corona.jpg 701w\" sizes=\"(max-width: 240px) 100vw, 240px\" \/><\/p>\n<p><em>El miedo es libre<\/em>, frase t\u00edpica pero no por ello menos cierta, y hay quien durante este tiempo no ha sentido en ning\u00fan momento miedo ante esta enfermedad, y sin embargo, quien se ha paralizado y sigue en este estado, a pesar de los buenos datos y de que se nos permita volver a salir. Oigo en muchos medios de comunicaci\u00f3n que el problema de que no se respete adecuadamente el nuevo distanciamiento social es debido a que no se ha ense\u00f1ado lo suficiente lo devastador que ha sido esta epidemia y lo que ha supuesto para muchas personas, pero no creo que por ello quienes no tienen miedo, fueran a tenerlo m\u00e1s, sin omitir que para los que s\u00ed lo han padecido hubiera sido a\u00fan m\u00e1s angustioso. La mayor\u00eda tenemos ganas de volvernos a reunir y de estar juntos, pero si tenemos cerca personas a las que les cuesta por no poder afrontar ese <strong>miedo<\/strong>, d\u00e9mosles su tiempo para que puedan gestionarlo a su ritmo, porque ellos ya tienen bastante con sentirlo y pasarlo mal.<\/p>\n<p>&nbsp;<\/p>\n<!-- AddThis Advanced Settings generic via filter on the_content --><!-- AddThis Share Buttons generic via filter on the_content -->","protected":false},"excerpt":{"rendered":"<p>Poco a poco vamos volviendo a la normalidad, al menos hasta donde nos lo permiten, y debemos aprender a vivir en esta nueva realidad. La nueva situaci\u00f3n se diferencia de nuestra vida anterior al Coronavid19 b\u00e1sicamente en dos aspectos fundamentales en la vida de las personas, la libertad y el miedo.\u00a0 Por una parte, hemos [&hellip;]<!-- AddThis Advanced Settings generic via filter on get_the_excerpt --><!-- AddThis Share Buttons generic via filter on get_the_excerpt --><\/p>\n","protected":false},"author":93,"featured_media":0,"comment_status":"open","ping_status":"closed","sticky":false,"template":"","format":"standard","meta":[],"categories":[1],"tags":[],"_links":{"self":[{"href":"https:\/\/blogs.diariovasco.com\/trampolin-vida\/wp-json\/wp\/v2\/posts\/1626"}],"collection":[{"href":"https:\/\/blogs.diariovasco.com\/trampolin-vida\/wp-json\/wp\/v2\/posts"}],"about":[{"href":"https:\/\/blogs.diariovasco.com\/trampolin-vida\/wp-json\/wp\/v2\/types\/post"}],"author":[{"embeddable":true,"href":"https:\/\/blogs.diariovasco.com\/trampolin-vida\/wp-json\/wp\/v2\/users\/93"}],"replies":[{"embeddable":true,"href":"https:\/\/blogs.diariovasco.com\/trampolin-vida\/wp-json\/wp\/v2\/comments?post=1626"}],"version-history":[{"count":1,"href":"https:\/\/blogs.diariovasco.com\/trampolin-vida\/wp-json\/wp\/v2\/posts\/1626\/revisions"}],"predecessor-version":[{"id":1629,"href":"https:\/\/blogs.diariovasco.com\/trampolin-vida\/wp-json\/wp\/v2\/posts\/1626\/revisions\/1629"}],"wp:attachment":[{"href":"https:\/\/blogs.diariovasco.com\/trampolin-vida\/wp-json\/wp\/v2\/media?parent=1626"}],"wp:term":[{"taxonomy":"category","embeddable":true,"href":"https:\/\/blogs.diariovasco.com\/trampolin-vida\/wp-json\/wp\/v2\/categories?post=1626"},{"taxonomy":"post_tag","embeddable":true,"href":"https:\/\/blogs.diariovasco.com\/trampolin-vida\/wp-json\/wp\/v2\/tags?post=1626"}],"curies":[{"name":"wp","href":"https:\/\/api.w.org\/{rel}","templated":true}]}}