{"id":1630,"date":"2020-06-03T07:00:22","date_gmt":"2020-06-03T05:00:22","guid":{"rendered":"https:\/\/blogs.diariovasco.com\/trampolin-vida\/?p=1630"},"modified":"2020-06-02T18:56:34","modified_gmt":"2020-06-02T16:56:34","slug":"junio-y-la-desescalada","status":"publish","type":"post","link":"https:\/\/blogs.diariovasco.com\/trampolin-vida\/2020\/06\/03\/junio-y-la-desescalada\/","title":{"rendered":"Junio y la desescalada"},"content":{"rendered":"<p>Ya estamos en Junio y nos encontramos cada regi\u00f3n del pa\u00eds en una fase diferente de la desescalada, pero todos vamos avanzando hacia la nueva normalidad. Tras dos meses y medio de estado de alarma y confinamiento, vamos recuperando nuestras vidas poco a poco, teniendo que asimilar cada uno de nosotros nuevos retos y nuevas situaciones, sin olvidar todo lo que hemos pasado en las \u00faltimas semanas.<img loading=\"lazy\" class=\"alignleft size-medium wp-image-1631\" src=\"https:\/\/static-blogs.diariovasco.com\/wp-content\/uploads\/sites\/62\/2020\/06\/Junio-200x300.jpg\" alt=\"\" width=\"200\" height=\"300\" srcset=\"https:\/\/static-blogs.diariovasco.com\/wp-content\/uploads\/sites\/62\/2020\/06\/Junio-200x300.jpg 200w, https:\/\/static-blogs.diariovasco.com\/wp-content\/uploads\/sites\/62\/2020\/06\/Junio-419x628.jpg 419w, https:\/\/static-blogs.diariovasco.com\/wp-content\/uploads\/sites\/62\/2020\/06\/Junio.jpg 500w\" sizes=\"(max-width: 200px) 100vw, 200px\" \/><\/p>\n<p>Que hemos superado una fase vital que nunca hubi\u00e9ramos imaginado creo que es algo en lo que estamos casi todos de acuerdo, porque a principio de a\u00f1o pensar que el mundo entero se iba a paralizar por una pandemia era algo que muy pocos pod\u00edan esperar. Que hayamos sido capaces de ir super\u00e1ndolo y pasando por esta situaci\u00f3n de la mejor de las formas, creo que tambi\u00e9n era algo que no lo ten\u00edamos muy claro, ya que si el 14 de Marzo nos llegan a decir que \u00edbamos a estar tantas semanas recluidos en nuestras casas, no hubi\u00e9ramos dado cr\u00e9dito, y poco a poco as\u00ed ha sido. Hay quien lo ha vivido de una forma lac\u00f3nica, viendo como los d\u00edas pasaban a la vez que se iban mermando sus libertades individuales, quienes han disfrutado del par\u00f3n, ya que consideran que lo necesitaban y a quienes <strong>parar<\/strong> les ha venido muy bien. Por supuesto tambi\u00e9n est\u00e1n los que lo han vivido con mucha ansiedad por miedo a lo que luego les ven\u00eda, sobre todo a nivel econ\u00f3mico, y los que han tenido miedo al virus, que estos han sufrido por su salud, lo m\u00e1s duro de todo.<\/p>\n<p>Pero ya estamos en <strong>Junio<\/strong> y de repente, la situaci\u00f3n parece mejorar a pasos agigantados. Ahora las fases ya no van a durar el mismo tiempo que al principio estaba estimado, vamos a poder movernos entre territorios antes de lo que estaba previsto, y aunque siempre bajo el yugo de la amenaza de otro brote, vamos retomando la normalidad antes de lo que nos hab\u00edan dicho.<img loading=\"lazy\" class=\"alignright size-medium wp-image-1632\" src=\"https:\/\/static-blogs.diariovasco.com\/wp-content\/uploads\/sites\/62\/2020\/06\/junio2-200x300.jpg\" alt=\"\" width=\"200\" height=\"300\" srcset=\"https:\/\/static-blogs.diariovasco.com\/wp-content\/uploads\/sites\/62\/2020\/06\/junio2-200x300.jpg 200w, https:\/\/static-blogs.diariovasco.com\/wp-content\/uploads\/sites\/62\/2020\/06\/junio2.jpg 334w\" sizes=\"(max-width: 200px) 100vw, 200px\" \/><\/p>\n<p>Junio es el mes en que empiezan las vacaciones, el mes del comienzo del verano y del calor, y cada a\u00f1o nos trae grandes expectativas de pasarlo bien. Este a\u00f1o tambi\u00e9n es el mes de la libertad, de poder volver a hacer lo que queramos sin que nos restrinjan los horarios, las personas a las que ver, o los lugares que frecuentar, al menos dentro de unos criterios que los expertos han marcado, pero que parecen cada vez m\u00e1s relajados. Por esto animo a que disfrutemos de este mes m\u00e1s que nunca, siendo <strong>conscientes <\/strong>de lo pasado y apreciando cada aspecto de nuestras vidas, ya que este a\u00f1o s\u00ed hemos tenido tiempo de valorarlo.<\/p>\n<!-- AddThis Advanced Settings generic via filter on the_content --><!-- AddThis Share Buttons generic via filter on the_content -->","protected":false},"excerpt":{"rendered":"<p>Ya estamos en Junio y nos encontramos cada regi\u00f3n del pa\u00eds en una fase diferente de la desescalada, pero todos vamos avanzando hacia la nueva normalidad. Tras dos meses y medio de estado de alarma y confinamiento, vamos recuperando nuestras vidas poco a poco, teniendo que asimilar cada uno de nosotros nuevos retos y nuevas [&hellip;]<!-- AddThis Advanced Settings generic via filter on get_the_excerpt --><!-- AddThis Share Buttons generic via filter on get_the_excerpt --><\/p>\n","protected":false},"author":93,"featured_media":0,"comment_status":"open","ping_status":"closed","sticky":false,"template":"","format":"standard","meta":[],"categories":[1],"tags":[],"_links":{"self":[{"href":"https:\/\/blogs.diariovasco.com\/trampolin-vida\/wp-json\/wp\/v2\/posts\/1630"}],"collection":[{"href":"https:\/\/blogs.diariovasco.com\/trampolin-vida\/wp-json\/wp\/v2\/posts"}],"about":[{"href":"https:\/\/blogs.diariovasco.com\/trampolin-vida\/wp-json\/wp\/v2\/types\/post"}],"author":[{"embeddable":true,"href":"https:\/\/blogs.diariovasco.com\/trampolin-vida\/wp-json\/wp\/v2\/users\/93"}],"replies":[{"embeddable":true,"href":"https:\/\/blogs.diariovasco.com\/trampolin-vida\/wp-json\/wp\/v2\/comments?post=1630"}],"version-history":[{"count":1,"href":"https:\/\/blogs.diariovasco.com\/trampolin-vida\/wp-json\/wp\/v2\/posts\/1630\/revisions"}],"predecessor-version":[{"id":1633,"href":"https:\/\/blogs.diariovasco.com\/trampolin-vida\/wp-json\/wp\/v2\/posts\/1630\/revisions\/1633"}],"wp:attachment":[{"href":"https:\/\/blogs.diariovasco.com\/trampolin-vida\/wp-json\/wp\/v2\/media?parent=1630"}],"wp:term":[{"taxonomy":"category","embeddable":true,"href":"https:\/\/blogs.diariovasco.com\/trampolin-vida\/wp-json\/wp\/v2\/categories?post=1630"},{"taxonomy":"post_tag","embeddable":true,"href":"https:\/\/blogs.diariovasco.com\/trampolin-vida\/wp-json\/wp\/v2\/tags?post=1630"}],"curies":[{"name":"wp","href":"https:\/\/api.w.org\/{rel}","templated":true}]}}