{"id":1641,"date":"2020-06-24T07:00:44","date_gmt":"2020-06-24T05:00:44","guid":{"rendered":"https:\/\/blogs.diariovasco.com\/trampolin-vida\/?p=1641"},"modified":"2020-06-23T20:53:53","modified_gmt":"2020-06-23T18:53:53","slug":"el-examen-de-la-ebau","status":"publish","type":"post","link":"https:\/\/blogs.diariovasco.com\/trampolin-vida\/2020\/06\/24\/el-examen-de-la-ebau\/","title":{"rendered":"El examen de la EBAU"},"content":{"rendered":"<p>A estas alturas a nadie se le escapa lo complejo que ha sido el final de este curso, adem\u00e1s de no tener a\u00fan muy claro c\u00f3mo va a ser el comienzo del siguiente, pero que este a\u00f1o ha habido grandes cambios y que ha habido que tirar de imaginaci\u00f3n y de mucho esfuerzo est\u00e1 claro. Dependiendo de la franja de edad de los alumnos hay situaciones diferentes que se han ido repitiendo a lo largo de las \u00faltimas semanas, y que han terminado agotando la paciencia de padres, alumnos y profesores, pero que no debemos olvidar que todos han hecho lo que han podido en una circunstancia totalmente inesperada.<img loading=\"lazy\" class=\"alignleft size-medium wp-image-1642\" src=\"https:\/\/static-blogs.diariovasco.com\/wp-content\/uploads\/sites\/62\/2020\/06\/Ebau-300x201.jpg\" alt=\"\" width=\"300\" height=\"201\" srcset=\"https:\/\/static-blogs.diariovasco.com\/wp-content\/uploads\/sites\/62\/2020\/06\/Ebau-300x201.jpg 300w, https:\/\/static-blogs.diariovasco.com\/wp-content\/uploads\/sites\/62\/2020\/06\/Ebau-768x514.jpg 768w, https:\/\/static-blogs.diariovasco.com\/wp-content\/uploads\/sites\/62\/2020\/06\/Ebau-628x420.jpg 628w, https:\/\/static-blogs.diariovasco.com\/wp-content\/uploads\/sites\/62\/2020\/06\/Ebau.jpg 1048w\" sizes=\"(max-width: 300px) 100vw, 300px\" \/><\/p>\n<p>En este sentido, quiero aprovechar este post para animar a todos los estudiantes que este a\u00f1o tienen que examinarse de la EBAU y que adem\u00e1s van a tener que hacerlo ya entrado el verano. En su mayor\u00eda vienen de cursar <strong>2\u00ba de Bachiller<\/strong>, curso que se vive con mucha presi\u00f3n, y despu\u00e9s del cual normalmente pueden disfrutar de su graduaci\u00f3n, viaje de fin de estudios y despedida de compa\u00f1eros y profesores. Los que este a\u00f1o han realizado este curso se han perdido esta parte importante de su educaci\u00f3n, algo que la mayor\u00eda recordamos con mucho cari\u00f1o y que nunca olvidaremos, pero que ellos no van a poder disfr<\/p>\n<p><img loading=\"lazy\" class=\"alignright size-medium wp-image-1643\" src=\"https:\/\/static-blogs.diariovasco.com\/wp-content\/uploads\/sites\/62\/2020\/06\/Ebau2-300x200.jpg\" alt=\"\" width=\"300\" height=\"200\" srcset=\"https:\/\/static-blogs.diariovasco.com\/wp-content\/uploads\/sites\/62\/2020\/06\/Ebau2-300x200.jpg 300w, https:\/\/static-blogs.diariovasco.com\/wp-content\/uploads\/sites\/62\/2020\/06\/Ebau2-768x512.jpg 768w, https:\/\/static-blogs.diariovasco.com\/wp-content\/uploads\/sites\/62\/2020\/06\/Ebau2-628x419.jpg 628w, https:\/\/static-blogs.diariovasco.com\/wp-content\/uploads\/sites\/62\/2020\/06\/Ebau2.jpg 1050w\" sizes=\"(max-width: 300px) 100vw, 300px\" \/><\/p>\n<p>utar. Adem\u00e1s, se encuentran con que la \u201cagon\u00eda\u201d de realizar el examen final y poder calcular su nota media para saber si pueden acceder a la formaci\u00f3n que han elegido, se les prologa <strong>un mes m\u00e1s<\/strong>. La vida es larga y estoy segura que no van a tardar en poder resarcirse de lo que no han podido disfrutar, y desde luego est\u00e1 claro que siempre se acordar\u00e1n de la particularidad de su despedida estudiantil, pero que sabr\u00e1n hacerlo con \u00e1nimo y buen humor. He podido comprobar, no s\u00f3lo a los que se graduaban de bachiller, sino tambi\u00e9n de carreras o de otras formaciones, que lo han sabido aceptar muy bien, a pesar de tener grandes planes, y que ahora lo m\u00e1s importante es que estas dos \u00faltimas semanas mantengan la motivaci\u00f3n alta y sepan dar lo mejor de ellos para poder disfrutar de este verano at\u00edpico, pero que no deja de ser el verano en el que uno pasa de ser colegial \u00a0para entrar en \u00a0una nueva etapa de la vida.<\/p>\n<p><strong>\u00a1!!!Mucho \u00e1nimo y mucha suerte para todos\u00a1\u00a1\u00a1\u00a1 <\/strong><\/p>\n<!-- AddThis Advanced Settings generic via filter on the_content --><!-- AddThis Share Buttons generic via filter on the_content -->","protected":false},"excerpt":{"rendered":"<p>A estas alturas a nadie se le escapa lo complejo que ha sido el final de este curso, adem\u00e1s de no tener a\u00fan muy claro c\u00f3mo va a ser el comienzo del siguiente, pero que este a\u00f1o ha habido grandes cambios y que ha habido que tirar de imaginaci\u00f3n y de mucho esfuerzo est\u00e1 claro. [&hellip;]<!-- AddThis Advanced Settings generic via filter on get_the_excerpt --><!-- AddThis Share Buttons generic via filter on get_the_excerpt --><\/p>\n","protected":false},"author":93,"featured_media":0,"comment_status":"open","ping_status":"closed","sticky":false,"template":"","format":"standard","meta":[],"categories":[1],"tags":[],"_links":{"self":[{"href":"https:\/\/blogs.diariovasco.com\/trampolin-vida\/wp-json\/wp\/v2\/posts\/1641"}],"collection":[{"href":"https:\/\/blogs.diariovasco.com\/trampolin-vida\/wp-json\/wp\/v2\/posts"}],"about":[{"href":"https:\/\/blogs.diariovasco.com\/trampolin-vida\/wp-json\/wp\/v2\/types\/post"}],"author":[{"embeddable":true,"href":"https:\/\/blogs.diariovasco.com\/trampolin-vida\/wp-json\/wp\/v2\/users\/93"}],"replies":[{"embeddable":true,"href":"https:\/\/blogs.diariovasco.com\/trampolin-vida\/wp-json\/wp\/v2\/comments?post=1641"}],"version-history":[{"count":1,"href":"https:\/\/blogs.diariovasco.com\/trampolin-vida\/wp-json\/wp\/v2\/posts\/1641\/revisions"}],"predecessor-version":[{"id":1644,"href":"https:\/\/blogs.diariovasco.com\/trampolin-vida\/wp-json\/wp\/v2\/posts\/1641\/revisions\/1644"}],"wp:attachment":[{"href":"https:\/\/blogs.diariovasco.com\/trampolin-vida\/wp-json\/wp\/v2\/media?parent=1641"}],"wp:term":[{"taxonomy":"category","embeddable":true,"href":"https:\/\/blogs.diariovasco.com\/trampolin-vida\/wp-json\/wp\/v2\/categories?post=1641"},{"taxonomy":"post_tag","embeddable":true,"href":"https:\/\/blogs.diariovasco.com\/trampolin-vida\/wp-json\/wp\/v2\/tags?post=1641"}],"curies":[{"name":"wp","href":"https:\/\/api.w.org\/{rel}","templated":true}]}}