{"id":1928,"date":"2022-08-10T19:04:32","date_gmt":"2022-08-10T17:04:32","guid":{"rendered":"https:\/\/blogs.diariovasco.com\/trampolin-vida\/?p=1928"},"modified":"2022-08-11T18:30:32","modified_gmt":"2022-08-11T16:30:32","slug":"1928","status":"publish","type":"post","link":"https:\/\/blogs.diariovasco.com\/trampolin-vida\/2022\/08\/10\/1928\/","title":{"rendered":"En verano: Parar."},"content":{"rendered":"<p>El verano es \u00e9poca de vacaciones, buen tiempo y de disfrutar. Solemos aprovechar para estar con la familia, amigos y dem\u00e1s conocidos, es decir para socializar, algo que es muy importante para nuestra salud mental y emocional, y sobre todo, es \u00e9poca de parar para descansar y poder continuar con nuestras ajetreadas vidas en septiembre.<\/p>\n<p><img loading=\"lazy\" class=\"alignleft size-medium wp-image-1929\" src=\"https:\/\/static-blogs.diariovasco.com\/wp-content\/uploads\/sites\/62\/2022\/08\/tobias-tullius-pb7gfl7_Ni8-unsplash-300x200.jpg\" alt=\"\" width=\"300\" height=\"200\" srcset=\"https:\/\/static-blogs.diariovasco.com\/wp-content\/uploads\/sites\/62\/2022\/08\/tobias-tullius-pb7gfl7_Ni8-unsplash-300x200.jpg 300w, https:\/\/static-blogs.diariovasco.com\/wp-content\/uploads\/sites\/62\/2022\/08\/tobias-tullius-pb7gfl7_Ni8-unsplash-628x419.jpg 628w, https:\/\/static-blogs.diariovasco.com\/wp-content\/uploads\/sites\/62\/2022\/08\/tobias-tullius-pb7gfl7_Ni8-unsplash.jpg 640w\" sizes=\"(max-width: 300px) 100vw, 300px\" \/><\/p>\n<p>&nbsp;<\/p>\n<p>Desde luego hay oficios en los que el verano es cuando m\u00e1s se trabaja, y es en esta estaci\u00f3n cuando hay que darlo todo por el trabajo. Pero para el resto es importante saber parar y desconectar para coger fuerza y poder continuar con nuestros objetivos despu\u00e9s de descansar. Cada vez tenemos vidas m\u00e1s intensas y ajetreadas, y el estr\u00e9s se est\u00e1 convirtiendo en un mal muy extendido que deriva en otras enfermedades. Veo que hay mucha gente que no es consciente c\u00f3mo puede perjudicar a su salud el vivir en un contin\u00fao estado de estr\u00e9s, y c\u00f3mo muchas veces normalizamos esta situaci\u00f3n dando por hecho que es lo normal de la vida y que debemos cargar con ello. Debemos ser conscientes, que adem\u00e1s de todo lo que el estr\u00e9s nos puede acarrear como dolor de cabeza, tensiones musculares, eccemas y enfermedades m\u00e1s graves, a nivel mental tambi\u00e9n es muy peligroso.\u00a0<img loading=\"lazy\" class=\"alignright size-medium wp-image-1930\" src=\"https:\/\/static-blogs.diariovasco.com\/wp-content\/uploads\/sites\/62\/2022\/08\/tobias-tullius-pb7gfl7_Ni8-unsplash-1-300x199.jpg\" alt=\"\" width=\"300\" height=\"199\" srcset=\"https:\/\/static-blogs.diariovasco.com\/wp-content\/uploads\/sites\/62\/2022\/08\/tobias-tullius-pb7gfl7_Ni8-unsplash-1-300x199.jpg 300w, https:\/\/static-blogs.diariovasco.com\/wp-content\/uploads\/sites\/62\/2022\/08\/tobias-tullius-pb7gfl7_Ni8-unsplash-1-628x417.jpg 628w, https:\/\/static-blogs.diariovasco.com\/wp-content\/uploads\/sites\/62\/2022\/08\/tobias-tullius-pb7gfl7_Ni8-unsplash-1.jpg 640w\" sizes=\"(max-width: 300px) 100vw, 300px\" \/><\/p>\n<p>&nbsp;<\/p>\n<p>Cuando las personas estamos cansadas tendemos a estar m\u00e1s apagadas y m\u00e1s tristes, mostr\u00e1ndonos m\u00e1s negativos y pesimistas por lo que nos cuesta mucho m\u00e1s realizar cualquier actividad y mucho m\u00e1s trabajar en nuestros objetivos. Si tenemos en cuenta que es importante para sentirnos bien y con la autoestima altas tener objetivos, aunque estos consistan en no hacer nada, es b\u00e1sico que podamos tener fuerza para perseguirlos. Por esto es muy importante aprender a <strong>parar<\/strong>, sobre todo cuando sabemos que queremos conseguir algo concreto o cambiar nuestra vida. Primero debemos analizar nuestro estado an\u00edmico, y si valoramos que nos encontramos cansados saber parar y vaciar nuestra cabeza de toda la porquer\u00eda que vamos acumulando. No podemos dar lo que no tenemos, por lo tanto, debemos parar y recargarnos para seguir adelante. El cansancio es capaz de tomar forma de muchas maneras, y a veces incluso nos extra\u00f1amos de la forma en la que lo somatizamos, por todo esto, aprender a no hacer nada o averiguar qu\u00e9 es lo que m\u00e1s nos distrae y nos descansa nos va a prevenir muchos males, as\u00ed como a ser m\u00e1s eficientes cuando lo necesitemos ser.<\/p>\n<p>&nbsp;<\/p>\n<!-- AddThis Advanced Settings generic via filter on the_content --><!-- AddThis Share Buttons generic via filter on the_content -->","protected":false},"excerpt":{"rendered":"<p>El verano es \u00e9poca de vacaciones, buen tiempo y de disfrutar. Solemos aprovechar para estar con la familia, amigos y dem\u00e1s conocidos, es decir para socializar, algo que es muy importante para nuestra salud mental y emocional, y sobre todo, es \u00e9poca de parar para descansar y poder continuar con nuestras ajetreadas vidas en septiembre. [&hellip;]<!-- AddThis Advanced Settings generic via filter on get_the_excerpt --><!-- AddThis Share Buttons generic via filter on get_the_excerpt --><\/p>\n","protected":false},"author":93,"featured_media":0,"comment_status":"open","ping_status":"closed","sticky":false,"template":"","format":"standard","meta":[],"categories":[1],"tags":[],"_links":{"self":[{"href":"https:\/\/blogs.diariovasco.com\/trampolin-vida\/wp-json\/wp\/v2\/posts\/1928"}],"collection":[{"href":"https:\/\/blogs.diariovasco.com\/trampolin-vida\/wp-json\/wp\/v2\/posts"}],"about":[{"href":"https:\/\/blogs.diariovasco.com\/trampolin-vida\/wp-json\/wp\/v2\/types\/post"}],"author":[{"embeddable":true,"href":"https:\/\/blogs.diariovasco.com\/trampolin-vida\/wp-json\/wp\/v2\/users\/93"}],"replies":[{"embeddable":true,"href":"https:\/\/blogs.diariovasco.com\/trampolin-vida\/wp-json\/wp\/v2\/comments?post=1928"}],"version-history":[{"count":2,"href":"https:\/\/blogs.diariovasco.com\/trampolin-vida\/wp-json\/wp\/v2\/posts\/1928\/revisions"}],"predecessor-version":[{"id":1932,"href":"https:\/\/blogs.diariovasco.com\/trampolin-vida\/wp-json\/wp\/v2\/posts\/1928\/revisions\/1932"}],"wp:attachment":[{"href":"https:\/\/blogs.diariovasco.com\/trampolin-vida\/wp-json\/wp\/v2\/media?parent=1928"}],"wp:term":[{"taxonomy":"category","embeddable":true,"href":"https:\/\/blogs.diariovasco.com\/trampolin-vida\/wp-json\/wp\/v2\/categories?post=1928"},{"taxonomy":"post_tag","embeddable":true,"href":"https:\/\/blogs.diariovasco.com\/trampolin-vida\/wp-json\/wp\/v2\/tags?post=1928"}],"curies":[{"name":"wp","href":"https:\/\/api.w.org\/{rel}","templated":true}]}}