{"id":197,"date":"2014-06-11T07:00:10","date_gmt":"2014-06-11T05:00:10","guid":{"rendered":"http:\/\/blogs.diariovasco.com\/trampolin-vida\/?p=197"},"modified":"2014-06-11T07:00:10","modified_gmt":"2014-06-11T05:00:10","slug":"la-asertividad-mal-entendida","status":"publish","type":"post","link":"https:\/\/blogs.diariovasco.com\/trampolin-vida\/2014\/06\/11\/la-asertividad-mal-entendida\/","title":{"rendered":"La Asertividad Mal Entendida"},"content":{"rendered":"<p>La asertividad es una <strong>herramienta<\/strong> que nos permite decir aquello que por diferentes circunstancias tenemos que transmitir, y que puede crear conflicto, de forma que no le perdamos el respeto a la otra persona, ni tampoco a nosotros mismos. No decir nada que pueda perjudicar a q<a href=\"\/trampolin-vida\/wp-content\/uploads\/sites\/62\/2014\/05\/326643376_59fddd99cb_z1.jpg\"><img loading=\"lazy\" class=\"alignleft  wp-image-198\" style=\"width: 203px; height: 158px;\" title=\"326643376_59fddd99cb_z[1]\" src=\"\/trampolin-vida\/wp-content\/uploads\/sites\/62\/2014\/05\/326643376_59fddd99cb_z1.jpg\" alt=\"\" width=\"300\" height=\"198\" srcset=\"https:\/\/static-blogs.diariovasco.com\/wp-content\/uploads\/sites\/62\/2014\/05\/326643376_59fddd99cb_z1.jpg 640w, https:\/\/static-blogs.diariovasco.com\/wp-content\/uploads\/sites\/62\/2014\/05\/326643376_59fddd99cb_z1-300x198.jpg 300w\" sizes=\"(max-width: 300px) 100vw, 300px\" \/><\/a>uien tenemos enfrente ni a nosotros. Cuando en los talleres o en las sesiones de empresa tratamos el tema de la asertividad, en algunas ocasiones sucede que no se entiende como una herramienta en la que apoyarse, sino como una obligaci\u00f3n que se les insta a hacer, por lo que se sienten a la defensiva, sin querer ponerla en pr\u00e1ctica, y aduciendo que ellos son as\u00ed, y que as\u00ed se comunican. Es entonces cuando se <strong>excusan<\/strong> con sus compa\u00f1eros por no dirigirse a ellos de la forma correcta, pero lo hacen justificando su conducta con la forma de ser o de trabajar de las otras personas, sin entender que la comunicaci\u00f3n y el resultado de esta, es responsabilidad de quien la ejecuta, independientemente de cuales sean las circunstancias.<\/p>\n<p>Presuposici\u00f3n PNL: <em>\u201cEl resultado de la comunicaci\u00f3n es la respuesta que obtenemos, independientemente de nuestra intenci\u00f3n\u201d.<\/em><\/p>\n<p><em>\u00a0<\/em><\/p>\n<p>Nuestras palabras pueden resultar como <strong>flechas<\/strong> a quien se las dirigimos, por este motivo tenemos que ser conscientes de ello, y procurar \u00a0tenerlo en mente cuando estamos hablando con alguien y sabemos que podemos herirle. La mayor\u00eda, por no decir todos, tenemos grabada alguna conversaci\u00f3n que en su d\u00eda nos hizo da\u00f1o y que no hemos conseguido olvidar. Esto no significa, que no podamos decir aquello que tenemos que transmitir, sobre todo en aquellos casos en los que se est\u00e1 en un ambiente laboral o haya que rectificar alguna conducta, pero podemos hacerlo sin herir a la otra persona y sin quedarnos nosotros mal, sobr<a href=\"\/trampolin-vida\/wp-content\/uploads\/sites\/62\/2014\/05\/imagesTPKYHMVS1.jpg\"><img loading=\"lazy\" class=\"alignright size-full wp-image-200\" title=\"imagesTPKYHMVS\" src=\"\/trampolin-vida\/wp-content\/uploads\/sites\/62\/2014\/05\/imagesTPKYHMVS1.jpg\" alt=\"\" width=\"280\" height=\"180\" \/><\/a>e todo, porque si la otra persona se siente agredida, no va a aceptar nuestras palabras, y nosotros vamos a tener la sensaci\u00f3n de no haber cumplido con nuestro objetivo.<\/p>\n<p>Mantener en todo momento de la conversaci\u00f3n el resultado que queremos obtener en mente es muy importante para no distraernos de \u00e9l, y poder encauzar el tema en caso necesario. Hacer <strong>entender y transmitir<\/strong> a la otra persona que el mensaje que lanzamos no es algo personal, y s\u00ed una responsabilidad que tenemos, ayuda a que el receptor est\u00e9 m\u00e1s predispuesto a asimilarlo, as\u00ed como empatizar con la persona, tambi\u00e9n nos va a ayudar a saber qu\u00e9 lenguaje es el m\u00e1s acertado para conectar con la persona. Cuantos m\u00e1s recursos utilicemos, m\u00e1s f\u00e1cil se nos har\u00e1 obtener el resultado deseado.<\/p>\n<p>&nbsp;<\/p>\n<!-- AddThis Advanced Settings generic via filter on the_content --><!-- AddThis Share Buttons generic via filter on the_content -->","protected":false},"excerpt":{"rendered":"<p>La asertividad es una herramienta que nos permite decir aquello que por diferentes circunstancias tenemos que transmitir, y que puede crear conflicto, de forma que no le perdamos el respeto a la otra persona, ni tampoco a nosotros mismos. No decir nada que pueda perjudicar a quien tenemos enfrente ni a nosotros. Cuando en los [&hellip;]<!-- AddThis Advanced Settings generic via filter on get_the_excerpt --><!-- AddThis Share Buttons generic via filter on get_the_excerpt --><\/p>\n","protected":false},"author":93,"featured_media":0,"comment_status":"open","ping_status":"closed","sticky":false,"template":"","format":"standard","meta":[],"categories":[2],"tags":[],"_links":{"self":[{"href":"https:\/\/blogs.diariovasco.com\/trampolin-vida\/wp-json\/wp\/v2\/posts\/197"}],"collection":[{"href":"https:\/\/blogs.diariovasco.com\/trampolin-vida\/wp-json\/wp\/v2\/posts"}],"about":[{"href":"https:\/\/blogs.diariovasco.com\/trampolin-vida\/wp-json\/wp\/v2\/types\/post"}],"author":[{"embeddable":true,"href":"https:\/\/blogs.diariovasco.com\/trampolin-vida\/wp-json\/wp\/v2\/users\/93"}],"replies":[{"embeddable":true,"href":"https:\/\/blogs.diariovasco.com\/trampolin-vida\/wp-json\/wp\/v2\/comments?post=197"}],"version-history":[{"count":0,"href":"https:\/\/blogs.diariovasco.com\/trampolin-vida\/wp-json\/wp\/v2\/posts\/197\/revisions"}],"wp:attachment":[{"href":"https:\/\/blogs.diariovasco.com\/trampolin-vida\/wp-json\/wp\/v2\/media?parent=197"}],"wp:term":[{"taxonomy":"category","embeddable":true,"href":"https:\/\/blogs.diariovasco.com\/trampolin-vida\/wp-json\/wp\/v2\/categories?post=197"},{"taxonomy":"post_tag","embeddable":true,"href":"https:\/\/blogs.diariovasco.com\/trampolin-vida\/wp-json\/wp\/v2\/tags?post=197"}],"curies":[{"name":"wp","href":"https:\/\/api.w.org\/{rel}","templated":true}]}}