{"id":206,"date":"2014-06-25T07:00:41","date_gmt":"2014-06-25T05:00:41","guid":{"rendered":"http:\/\/blogs.diariovasco.com\/trampolin-vida\/?p=206"},"modified":"2014-06-25T07:00:41","modified_gmt":"2014-06-25T05:00:41","slug":"vacaciones-escolares","status":"publish","type":"post","link":"https:\/\/blogs.diariovasco.com\/trampolin-vida\/2014\/06\/25\/vacaciones-escolares\/","title":{"rendered":"Vacaciones Escolares"},"content":{"rendered":"<p>La semana pasada comenzaron las vacaciones escolares, y con ellas, la preocupaci\u00f3n de muchos padres de c\u00f3mo gestionar estas de la forma m\u00e1s adecuada, para sobrevivir a ellas sin que la familia se sienta resentida por ello. Aunque no me gusta dar consejos, s\u00ed que voy a daros unas pautas que se trabajan en el despacho, para que pod\u00e1is disfrutar de esta \u00e9poca del a\u00f1o que solemos estar esperando todos con tanta ilusi\u00f3n.<\/p>\n<p><a href=\"\/trampolin-vida\/wp-content\/uploads\/sites\/62\/2014\/06\/rtf-sharing-house-dut11.jpg\"><img loading=\"lazy\" class=\"alignleft size-medium wp-image-209\" title=\"rtf-sharing-house-dut[1]\" src=\"\/trampolin-vida\/wp-content\/uploads\/sites\/62\/2014\/06\/rtf-sharing-house-dut11.jpg\" alt=\"\" width=\"300\" height=\"235\" srcset=\"https:\/\/static-blogs.diariovasco.com\/wp-content\/uploads\/sites\/62\/2014\/06\/rtf-sharing-house-dut11.jpg 600w, https:\/\/static-blogs.diariovasco.com\/wp-content\/uploads\/sites\/62\/2014\/06\/rtf-sharing-house-dut11-300x236.jpg 300w\" sizes=\"(max-width: 300px) 100vw, 300px\" \/><\/a><\/p>\n<p>&nbsp;<\/p>\n<p>1.- Sentarse en familia para <strong>transmitir<\/strong> la necesidad de todos a tener un periodo vacacional agradable. Si es necesario, convocar una reuni\u00f3n, puede ser en una cena agradable en casa, para hacerles comprender que toda la familia necesita disfrutar del verano y que para ello hay que establecer unas reglas.<\/p>\n<p>2.- Hacerlo al principio del verano, para que todos podamos tomar nota.<\/p>\n<p>3.- Establecer las <strong>pautas<\/strong> y reglas que tengan que cumplir cada miembro de la familia: tareas a repartir, horarios que cumplir,\u2026<\/p>\n<p>4.- Transmitir el <strong>deseo<\/strong> de que todos podemos colaborar en este objetivo com\u00fan.<\/p>\n<p>5.- Especificar los <strong>cambios<\/strong> dependiendo de las actividades semanales.<\/p>\n<p>El verano, aunque parezca largo y con muchas cosas para hacer, termina siendo corto, sobre todo, teniendo en cuenta que hoy en d\u00eda, los ni\u00f1os hacen un mont\u00f3n de actividades durante el verano. Al final, a los padres, nos queda poco tiempo para compartir con ellos los d\u00edas libres, pero es lo que hay, y debemos ense\u00f1arles a compartir cada minuto en familia y con los amigos, que tambi\u00e9n son muy importantes.<a href=\"\/trampolin-vida\/wp-content\/uploads\/sites\/62\/2014\/06\/images3.jpg\"><img loading=\"lazy\" class=\"alignright size-full wp-image-208\" title=\"images[3]\" src=\"\/trampolin-vida\/wp-content\/uploads\/sites\/62\/2014\/06\/images3.jpg\" alt=\"\" width=\"240\" height=\"180\" \/><\/a><\/p>\n<p>Que ellos se hagan responsables de su verano, ayuda a que lo podamos disfrutar todos en familia. Por supuesto, ellos tienen que descansar, vaguear, y sentir que est\u00e1n de vacaciones, pero tambi\u00e9n tienen que entender que sus padres no disponen de tantas vacaciones, y que sienta mal, despu\u00e9s de estar todo el d\u00eda trabajando, llegar a casa y ver que no han hecho nada. Por este motivo, establecer reglas para una buena convivencia, les ayuda tanto a ellos como a nosotros. No olvidemos que marcar reglas a nuestros hijos es algo positivo, y lo que es m\u00e1s importante, y a veces olvidamos, ellos necesitan de esas reglas para sentirse seguros en el \u00e1mbito familiar. Todos, o casi todos, tenemos la referencia, de alg\u00fan amigo al que no se le exig\u00eda lo que a nosotros en casa, pero esto no implicaba que se sintiera mejor, sino todo lo contrario, sent\u00edamos que estaba m\u00e1s solo. Por lo tanto, no nos cortemos en decir a nuestros hijos cuales son las reglas para este verano, ellos nos lo van a agradecer, aunque parezca que sea lo contrario. Aprendamos como padres a establecer desde el primer momento los <strong>criterios para disfrutar de un buen verano<\/strong>.<\/p>\n<!-- AddThis Advanced Settings generic via filter on the_content --><!-- AddThis Share Buttons generic via filter on the_content -->","protected":false},"excerpt":{"rendered":"<p>La semana pasada comenzaron las vacaciones escolares, y con ellas, la preocupaci\u00f3n de muchos padres de c\u00f3mo gestionar estas de la forma m\u00e1s adecuada, para sobrevivir a ellas sin que la familia se sienta resentida por ello. Aunque no me gusta dar consejos, s\u00ed que voy a daros unas pautas que se trabajan en el [&hellip;]<!-- AddThis Advanced Settings generic via filter on get_the_excerpt --><!-- AddThis Share Buttons generic via filter on get_the_excerpt --><\/p>\n","protected":false},"author":93,"featured_media":0,"comment_status":"open","ping_status":"closed","sticky":false,"template":"","format":"standard","meta":[],"categories":[2],"tags":[],"_links":{"self":[{"href":"https:\/\/blogs.diariovasco.com\/trampolin-vida\/wp-json\/wp\/v2\/posts\/206"}],"collection":[{"href":"https:\/\/blogs.diariovasco.com\/trampolin-vida\/wp-json\/wp\/v2\/posts"}],"about":[{"href":"https:\/\/blogs.diariovasco.com\/trampolin-vida\/wp-json\/wp\/v2\/types\/post"}],"author":[{"embeddable":true,"href":"https:\/\/blogs.diariovasco.com\/trampolin-vida\/wp-json\/wp\/v2\/users\/93"}],"replies":[{"embeddable":true,"href":"https:\/\/blogs.diariovasco.com\/trampolin-vida\/wp-json\/wp\/v2\/comments?post=206"}],"version-history":[{"count":0,"href":"https:\/\/blogs.diariovasco.com\/trampolin-vida\/wp-json\/wp\/v2\/posts\/206\/revisions"}],"wp:attachment":[{"href":"https:\/\/blogs.diariovasco.com\/trampolin-vida\/wp-json\/wp\/v2\/media?parent=206"}],"wp:term":[{"taxonomy":"category","embeddable":true,"href":"https:\/\/blogs.diariovasco.com\/trampolin-vida\/wp-json\/wp\/v2\/categories?post=206"},{"taxonomy":"post_tag","embeddable":true,"href":"https:\/\/blogs.diariovasco.com\/trampolin-vida\/wp-json\/wp\/v2\/tags?post=206"}],"curies":[{"name":"wp","href":"https:\/\/api.w.org\/{rel}","templated":true}]}}