{"id":213,"date":"2014-07-02T07:00:08","date_gmt":"2014-07-02T05:00:08","guid":{"rendered":"http:\/\/blogs.diariovasco.com\/trampolin-vida\/?p=213"},"modified":"2014-07-02T07:00:08","modified_gmt":"2014-07-02T05:00:08","slug":"no-tener-amigos","status":"publish","type":"post","link":"https:\/\/blogs.diariovasco.com\/trampolin-vida\/2014\/07\/02\/no-tener-amigos\/","title":{"rendered":"No tener amigos"},"content":{"rendered":"<p><a href=\"\/trampolin-vida\/wp-content\/uploads\/sites\/62\/2014\/06\/cuando-tienes-la-necesidad-de-estar-solo1.jpg\"><img loading=\"lazy\" class=\"alignleft  wp-image-214\" style=\"width: 239px; height: 163px;\" title=\"cuando-tienes-la-necesidad-de-estar-solo[1]\" src=\"\/trampolin-vida\/wp-content\/uploads\/sites\/62\/2014\/06\/cuando-tienes-la-necesidad-de-estar-solo1.jpg\" alt=\"\" width=\"300\" height=\"193\" srcset=\"https:\/\/static-blogs.diariovasco.com\/wp-content\/uploads\/sites\/62\/2014\/06\/cuando-tienes-la-necesidad-de-estar-solo1.jpg 620w, https:\/\/static-blogs.diariovasco.com\/wp-content\/uploads\/sites\/62\/2014\/06\/cuando-tienes-la-necesidad-de-estar-solo1-300x194.jpg 300w\" sizes=\"(max-width: 300px) 100vw, 300px\" \/><\/a>Puede parecer algo extra\u00f1o, somos animales sociales, y lo normal es que tengamos con quien relacionarnos, pero no siempre es as\u00ed, o al menos, no en la medida que nos gustar\u00eda. Hay mucha gente que no tiene los <strong>amigos <\/strong>que quisiera para poder hacer aquellas actividades que le gustar\u00eda realizar.<\/p>\n<p>Hay veces, que se debe a haber vivido fuera, o porque los amigos de la infancia han desaparecido o han ido por un camino en la vida diferente al nuestro. El caso, es que, llegada una edad, mucha gente se siente sola, y no sabe con qui\u00e9n disfrutar de sus tiempo libre.<\/p>\n<p>Puedo asegurar, que es una situaci\u00f3n muy triste para quien la vive, y que adem\u00e1s, nuestra sociedad no permite socializarse de forma f\u00e1cil, al menos, hacerlo en persona, quiz\u00e1 s\u00ed por medio de las redes sociales, pero esto no termina de llenarnos. Al final, casi todos <strong>necesitamos<\/strong> tener alguien con quien encontrarnos al final de una jornada de trabajo o quien compartir un fin de semana de descanso. Estas personas, tampoco necesitan grandes acontecimientos, simplemente quieren tener alguien con quien compartir su tiempo libre, de forma relaja y agradable.<\/p>\n<p>Esta es una realidad que veo en el despacho continuamente, y que tengo que decir, es algo muy importante para la vida plena de una persona. Por supuesto, habr\u00e1 quien disfrute estando <strong>s\u00f3lo<\/strong>, sin necesidad de dar explicaciones a nadie, y que le cueste entender que otras personas sientan la necesidad de depender de otros, pero es as\u00ed, y quienes lo necesitan lo pasan mal por no poderlo hacer.<\/p>\n<p>Por este motivo, creo que es fundamental <strong>esforzarnos en socializarnos<\/strong>, aunque a veces no nos apetezca en e<a href=\"\/trampolin-vida\/wp-content\/uploads\/sites\/62\/2014\/06\/chollos-viajes1.jpg\"><img loading=\"lazy\" class=\"alignright  wp-image-215\" style=\"width: 268px; height: 177px;\" title=\"chollos-viajes[1]\" src=\"\/trampolin-vida\/wp-content\/uploads\/sites\/62\/2014\/06\/chollos-viajes1.jpg\" alt=\"\" width=\"300\" height=\"228\" srcset=\"https:\/\/static-blogs.diariovasco.com\/wp-content\/uploads\/sites\/62\/2014\/06\/chollos-viajes1.jpg 555w, https:\/\/static-blogs.diariovasco.com\/wp-content\/uploads\/sites\/62\/2014\/06\/chollos-viajes1-300x229.jpg 300w\" sizes=\"(max-width: 300px) 100vw, 300px\" \/><\/a>se momento, o juzguemos a nuestros amigos de forma tan dura, que no queramos estar con ellos.<\/p>\n<p>Aprender a comprender y sobre todo a querer a nuestros amigos, por muy diferentes que de nosotros sean, nos va a ayudar a acercarnos a ellos, a sentirnos parte del grupo y a no sentirnos aislados ni solos.<\/p>\n<p>A veces nos aparta la excusa de estar en pareja, de tener hijos, o mucho trabajo, pero no hay mejor tesoro que los amigos, incluidos en este apartado a la pareja y la familia, y luchar por ello merece la pena. No hay mejor remedio para nuestros males que un buen amigo, una buena conversaci\u00f3n con ellos, o disfrutar de ellos en un d\u00eda de fiesta. No dejemos que nuestra <strong>pereza<\/strong> nos lleve a alejarnos de ellos.<\/p>\n<!-- AddThis Advanced Settings generic via filter on the_content --><!-- AddThis Share Buttons generic via filter on the_content -->","protected":false},"excerpt":{"rendered":"<p>Puede parecer algo extra\u00f1o, somos animales sociales, y lo normal es que tengamos con quien relacionarnos, pero no siempre es as\u00ed, o al menos, no en la medida que nos gustar\u00eda. Hay mucha gente que no tiene los amigos que quisiera para poder hacer aquellas actividades que le gustar\u00eda realizar. Hay veces, que se debe [&hellip;]<!-- AddThis Advanced Settings generic via filter on get_the_excerpt --><!-- AddThis Share Buttons generic via filter on get_the_excerpt --><\/p>\n","protected":false},"author":93,"featured_media":0,"comment_status":"open","ping_status":"closed","sticky":false,"template":"","format":"standard","meta":[],"categories":[2],"tags":[],"_links":{"self":[{"href":"https:\/\/blogs.diariovasco.com\/trampolin-vida\/wp-json\/wp\/v2\/posts\/213"}],"collection":[{"href":"https:\/\/blogs.diariovasco.com\/trampolin-vida\/wp-json\/wp\/v2\/posts"}],"about":[{"href":"https:\/\/blogs.diariovasco.com\/trampolin-vida\/wp-json\/wp\/v2\/types\/post"}],"author":[{"embeddable":true,"href":"https:\/\/blogs.diariovasco.com\/trampolin-vida\/wp-json\/wp\/v2\/users\/93"}],"replies":[{"embeddable":true,"href":"https:\/\/blogs.diariovasco.com\/trampolin-vida\/wp-json\/wp\/v2\/comments?post=213"}],"version-history":[{"count":0,"href":"https:\/\/blogs.diariovasco.com\/trampolin-vida\/wp-json\/wp\/v2\/posts\/213\/revisions"}],"wp:attachment":[{"href":"https:\/\/blogs.diariovasco.com\/trampolin-vida\/wp-json\/wp\/v2\/media?parent=213"}],"wp:term":[{"taxonomy":"category","embeddable":true,"href":"https:\/\/blogs.diariovasco.com\/trampolin-vida\/wp-json\/wp\/v2\/categories?post=213"},{"taxonomy":"post_tag","embeddable":true,"href":"https:\/\/blogs.diariovasco.com\/trampolin-vida\/wp-json\/wp\/v2\/tags?post=213"}],"curies":[{"name":"wp","href":"https:\/\/api.w.org\/{rel}","templated":true}]}}