{"id":220,"date":"2014-07-09T07:00:45","date_gmt":"2014-07-09T05:00:45","guid":{"rendered":"http:\/\/blogs.diariovasco.com\/trampolin-vida\/?p=220"},"modified":"2014-07-09T07:00:45","modified_gmt":"2014-07-09T05:00:45","slug":"errores-de-comunicacion","status":"publish","type":"post","link":"https:\/\/blogs.diariovasco.com\/trampolin-vida\/2014\/07\/09\/errores-de-comunicacion\/","title":{"rendered":"Errores de Comunicaci\u00f3n"},"content":{"rendered":"<p>\u201cEntre<\/p>\n<p>Lo que pienso<\/p>\n<p>Lo que quiero decir<\/p>\n<p>Lo que creo decir<\/p>\n<p>Lo que digo<\/p>\n<p>Lo que Ud. Tiene ganas de escuchar<\/p>\n<p>Lo que Ud. Cree escuchar<\/p>\n<p>Lo que Ud. Escucha<\/p>\n<p>Lo que Ud. Tiene ganas de entender<\/p>\n<p>Lo que Ud. Entiende<\/p>\n<p>Existen 10 posibilidades que tengamos dificultades<\/p>\n<p>para comunicarnos,<\/p>\n<p>pero intent\u00e9moslo igualmente\u201d.<\/p>\n<p>Bernard Weber<\/p>\n<p>&nbsp;<\/p>\n<p><a href=\"\/trampolin-vida\/wp-content\/uploads\/sites\/62\/2014\/07\/images.jpg\"><img loading=\"lazy\" class=\"alignleft size-medium wp-image-221\" title=\"images\" src=\"\/trampolin-vida\/wp-content\/uploads\/sites\/62\/2014\/07\/images.jpg\" alt=\"\" width=\"300\" height=\"150\" srcset=\"https:\/\/static-blogs.diariovasco.com\/wp-content\/uploads\/sites\/62\/2014\/07\/images.jpg 318w, https:\/\/static-blogs.diariovasco.com\/wp-content\/uploads\/sites\/62\/2014\/07\/images-300x150.jpg 300w\" sizes=\"(max-width: 300px) 100vw, 300px\" \/><\/a><\/p>\n<p>Aunque parezca f\u00e1cil comunicarnos, aunque creamos que nos estamos expresando bien o quien nos escucha es buen <strong>oyente<\/strong>, muchas veces existen interferencias que hacen que lo qu\u00e9 queremos decir, no llegue de la forma en la que queremos que llegue.<\/p>\n<p>&nbsp;<\/p>\n<p>Es algo que tenemos que tener en cuenta cuando transmitimos un mensaje y queremos obtener una <strong>respuesta<\/strong> determinada del mismo. No siempre logramos nuestro objetivo o el resultado deseado con nuestro mensaje, y a veces, nos lleva a crear conflictos que no admitimos o no hemos considerado.<\/p>\n<p>&nbsp;<\/p>\n<p>Todo esto, nos tiene que llevar a una <strong>reflexi\u00f3n<\/strong>, a saber que tenemos que ser muy cautos con lo <strong>qu\u00e9 decimos<\/strong>, <strong>c\u00f3mo<\/strong> lo decimos y a <strong>qui\u00e9n<\/strong> se lo decimos, para que nuestro mensaje tenga el resultado que esperamos.<\/p>\n<p>&nbsp;<\/p>\n<p>Sabemos que cuando decimos \u201cte quiero\u201d a alguien que est\u00e1 preparado a escucharlo, puede que lo reciba bien y se sienta querido, pero estoy convencida, que la mayor\u00eda de nosotros hemos pasado por la situaci\u00f3n de dec\u00edrselo a quien no estaba preparado para ac<\/p>\n<p>eptarlo, y por lo tanto, hemos sentido que met\u00edamos la pata. Si con una frase tan inocente y tan cargada de buenos sentimientos como esta, podemos tener <strong>problemas<\/strong> por parte de quien la recibe, que no puede ocurrir con otros muchos mensajes que mandamos continuamente y sin parar.<\/p>\n<p><img loading=\"lazy\" class=\"alignright size-medium wp-image-222\" title=\"corazon-cerebro\" src=\"\/trampolin-vida\/wp-content\/uploads\/sites\/62\/2014\/07\/corazon-cerebro.jpg\" alt=\"\" width=\"300\" height=\"198\" srcset=\"https:\/\/static-blogs.diariovasco.com\/wp-content\/uploads\/sites\/62\/2014\/07\/corazon-cerebro.jpg 508w, https:\/\/static-blogs.diariovasco.com\/wp-content\/uploads\/sites\/62\/2014\/07\/corazon-cerebro-300x198.jpg 300w\" sizes=\"(max-width: 300px) 100vw, 300px\" \/><\/p>\n<div>\n<div>\n<p>Por lo tanto, pensemos en lo qu\u00e9 decimos, en c\u00f3mo lo decimos y en qui\u00e9n lo recibe, y dando una vuelta de tuerca m\u00e1s, c\u00f3mo se encuentra la persona destinataria, ya que no es lo mismo recibir un <strong>\u201cte quiero\u201d <\/strong>en una realidad que en otra.<\/p>\n<p>&nbsp;<\/p>\n<div>\n<p>Si lo hacemos con nuestra mejor de los prop\u00f3sitos, creemos que la otra persona lo recibir\u00e1 de la misma forma, y no siempre es as\u00ed, por lo tanto teng\u00e1moslo en cuenta.<\/p>\n<\/div>\n<\/div>\n<\/div>\n<!-- AddThis Advanced Settings generic via filter on the_content --><!-- AddThis Share Buttons generic via filter on the_content -->","protected":false},"excerpt":{"rendered":"<p>\u201cEntre Lo que pienso Lo que quiero decir Lo que creo decir Lo que digo Lo que Ud. Tiene ganas de escuchar Lo que Ud. Cree escuchar Lo que Ud. Escucha Lo que Ud. Tiene ganas de entender Lo que Ud. Entiende Existen 10 posibilidades que tengamos dificultades para comunicarnos, pero intent\u00e9moslo igualmente\u201d. Bernard Weber [&hellip;]<!-- AddThis Advanced Settings generic via filter on get_the_excerpt --><!-- AddThis Share Buttons generic via filter on get_the_excerpt --><\/p>\n","protected":false},"author":93,"featured_media":0,"comment_status":"open","ping_status":"closed","sticky":false,"template":"","format":"standard","meta":[],"categories":[2],"tags":[],"_links":{"self":[{"href":"https:\/\/blogs.diariovasco.com\/trampolin-vida\/wp-json\/wp\/v2\/posts\/220"}],"collection":[{"href":"https:\/\/blogs.diariovasco.com\/trampolin-vida\/wp-json\/wp\/v2\/posts"}],"about":[{"href":"https:\/\/blogs.diariovasco.com\/trampolin-vida\/wp-json\/wp\/v2\/types\/post"}],"author":[{"embeddable":true,"href":"https:\/\/blogs.diariovasco.com\/trampolin-vida\/wp-json\/wp\/v2\/users\/93"}],"replies":[{"embeddable":true,"href":"https:\/\/blogs.diariovasco.com\/trampolin-vida\/wp-json\/wp\/v2\/comments?post=220"}],"version-history":[{"count":0,"href":"https:\/\/blogs.diariovasco.com\/trampolin-vida\/wp-json\/wp\/v2\/posts\/220\/revisions"}],"wp:attachment":[{"href":"https:\/\/blogs.diariovasco.com\/trampolin-vida\/wp-json\/wp\/v2\/media?parent=220"}],"wp:term":[{"taxonomy":"category","embeddable":true,"href":"https:\/\/blogs.diariovasco.com\/trampolin-vida\/wp-json\/wp\/v2\/categories?post=220"},{"taxonomy":"post_tag","embeddable":true,"href":"https:\/\/blogs.diariovasco.com\/trampolin-vida\/wp-json\/wp\/v2\/tags?post=220"}],"curies":[{"name":"wp","href":"https:\/\/api.w.org\/{rel}","templated":true}]}}