{"id":225,"date":"2014-07-16T07:00:55","date_gmt":"2014-07-16T05:00:55","guid":{"rendered":"http:\/\/blogs.diariovasco.com\/trampolin-vida\/?p=225"},"modified":"2014-07-16T07:00:55","modified_gmt":"2014-07-16T05:00:55","slug":"escuchar-a-nuestros-mayores","status":"publish","type":"post","link":"https:\/\/blogs.diariovasco.com\/trampolin-vida\/2014\/07\/16\/escuchar-a-nuestros-mayores\/","title":{"rendered":"Escuchar a nuestros mayores"},"content":{"rendered":"<p>Hace una semana hablaba de lo importante que es poner normas a los adolescentes y resistir en el intento. En este momento me viene a la cabeza esa canci\u00f3n que dice \u201cResistir\u00e9\u201d y que deber\u00eda ser un himno para los padres de los adolescentes.<\/p>\n<p><a href=\"\/trampolin-vida\/wp-content\/uploads\/sites\/62\/2014\/07\/descarga.jpg\"><img loading=\"lazy\" class=\"alignleft size-full wp-image-226\" title=\"descarga\" src=\"\/trampolin-vida\/wp-content\/uploads\/sites\/62\/2014\/07\/descarga.jpg\" alt=\"\" width=\"184\" height=\"122\" \/><\/a><\/p>\n<p>Ahora bien<strong>, \u00bfC\u00f3mo hacerlo?<\/strong> Si nuestros padres consiguieron que nosotros fu\u00e9ramos \u201cpersonas de provecho\u201d, \u00bfQu\u00e9 nos impide hacerlo a nosotros? \u00bfQu\u00e9 ha cambiado? S\u00e9 que ahora las cosa podemos verlas m\u00e1s dif\u00edciles, pero \u00bfacaso ellos no lo tuvieron tambi\u00e9n muy dif\u00edcil?<\/p>\n<p>Entonces,\u00a0 par\u00e9monos a escucharles c\u00f3mo lo hicieron, en qu\u00e9 se fundamentaron para lograrlo. No podemos decir que sus circunstancias fueran f\u00e1ciles, la mayor\u00eda de los padres que ahora tenemos hijos adolescentes, por no decir todos,\u00a0 hemos sido ni\u00f1os que hemos crecido en la transici\u00f3n, en momentos en los que no se sab\u00eda lo que iba a ocurrir, en lo que todo cambiaba a un ritmo muy r\u00e1pido, y que a\u00fan y todo, ellos, <strong>nuestros padres<\/strong>, supieron qu\u00e9 hacer para que nosotros pudi\u00e9ramos salir adelante, independientemente de lo que ocurriera con el pa\u00eds. Sobre todo, aquellos que nos encontr\u00e1bamos en zonas estrat\u00e9gicas y que no se sab\u00eda si la educaci\u00f3n que est\u00e1bamos recibiendo iba a servir de algo, como en mi caso estudiar en euskera. Algo, que por otra parte, estar\u00e9 agradecida siempre a mis padres, ya que sin saber ellos el idioma, apostaron porque yo lo aprendiera.<a href=\"\/trampolin-vida\/wp-content\/uploads\/sites\/62\/2014\/07\/Nieta-hablando-al-oido-al-abuelo2.jpg\"><img loading=\"lazy\" class=\"alignright size-medium wp-image-229\" title=\"Nieta-hablando-al-oido-al-abuelo\" src=\"\/trampolin-vida\/wp-content\/uploads\/sites\/62\/2014\/07\/Nieta-hablando-al-oido-al-abuelo2.jpg\" alt=\"\" width=\"300\" height=\"300\" srcset=\"https:\/\/static-blogs.diariovasco.com\/wp-content\/uploads\/sites\/62\/2014\/07\/Nieta-hablando-al-oido-al-abuelo2.jpg 600w, https:\/\/static-blogs.diariovasco.com\/wp-content\/uploads\/sites\/62\/2014\/07\/Nieta-hablando-al-oido-al-abuelo2-150x150.jpg 150w, https:\/\/static-blogs.diariovasco.com\/wp-content\/uploads\/sites\/62\/2014\/07\/Nieta-hablando-al-oido-al-abuelo2-300x300.jpg 300w\" sizes=\"(max-width: 300px) 100vw, 300px\" \/><\/a><\/p>\n<p>Entonces, hagamos que los nietos escuchen a sus abuelos, y nosotros mismos, escuchemos a la generaci\u00f3n anterior que tan bien nos educ\u00f3 y que consigui\u00f3 que aprendi\u00e9ramos a valorar lo que tenemos, algo de lo que oigo continuamente que no saben hacer nuestros hijos.<\/p>\n<p>Quiz\u00e1, los que a\u00fan tenemos que seguir aprendiendo somos nosotros, los padres, de c\u00f3mo transmitir los verdaderos valores a nuestros hijos, esos valores que creemos no les llegan y que no sabemos c\u00f3mo transmit\u00edrselo. Esto no significa que tengamos que delegar en los abuelos otra tarea m\u00e1s, ellos ya nos educaron a nosotros, ahora s\u00f3lo les toca mimar a nuestros hijos, pero nosotros s\u00ed podemos escucharles de la paciencia que ten\u00edan, de la insistencia que pon\u00edan y de c\u00f3mo supieron no decaer en la labor de lograr que hayamos conseguido <strong>ser personas<\/strong>.<\/p>\n<!-- AddThis Advanced Settings generic via filter on the_content --><!-- AddThis Share Buttons generic via filter on the_content -->","protected":false},"excerpt":{"rendered":"<p>Hace una semana hablaba de lo importante que es poner normas a los adolescentes y resistir en el intento. En este momento me viene a la cabeza esa canci\u00f3n que dice \u201cResistir\u00e9\u201d y que deber\u00eda ser un himno para los padres de los adolescentes. Ahora bien, \u00bfC\u00f3mo hacerlo? Si nuestros padres consiguieron que nosotros fu\u00e9ramos [&hellip;]<!-- AddThis Advanced Settings generic via filter on get_the_excerpt --><!-- AddThis Share Buttons generic via filter on get_the_excerpt --><\/p>\n","protected":false},"author":93,"featured_media":0,"comment_status":"open","ping_status":"closed","sticky":false,"template":"","format":"standard","meta":[],"categories":[2],"tags":[],"_links":{"self":[{"href":"https:\/\/blogs.diariovasco.com\/trampolin-vida\/wp-json\/wp\/v2\/posts\/225"}],"collection":[{"href":"https:\/\/blogs.diariovasco.com\/trampolin-vida\/wp-json\/wp\/v2\/posts"}],"about":[{"href":"https:\/\/blogs.diariovasco.com\/trampolin-vida\/wp-json\/wp\/v2\/types\/post"}],"author":[{"embeddable":true,"href":"https:\/\/blogs.diariovasco.com\/trampolin-vida\/wp-json\/wp\/v2\/users\/93"}],"replies":[{"embeddable":true,"href":"https:\/\/blogs.diariovasco.com\/trampolin-vida\/wp-json\/wp\/v2\/comments?post=225"}],"version-history":[{"count":0,"href":"https:\/\/blogs.diariovasco.com\/trampolin-vida\/wp-json\/wp\/v2\/posts\/225\/revisions"}],"wp:attachment":[{"href":"https:\/\/blogs.diariovasco.com\/trampolin-vida\/wp-json\/wp\/v2\/media?parent=225"}],"wp:term":[{"taxonomy":"category","embeddable":true,"href":"https:\/\/blogs.diariovasco.com\/trampolin-vida\/wp-json\/wp\/v2\/categories?post=225"},{"taxonomy":"post_tag","embeddable":true,"href":"https:\/\/blogs.diariovasco.com\/trampolin-vida\/wp-json\/wp\/v2\/tags?post=225"}],"curies":[{"name":"wp","href":"https:\/\/api.w.org\/{rel}","templated":true}]}}