{"id":231,"date":"2014-07-23T07:00:17","date_gmt":"2014-07-23T05:00:17","guid":{"rendered":"http:\/\/blogs.diariovasco.com\/trampolin-vida\/?p=231"},"modified":"2014-07-23T07:00:17","modified_gmt":"2014-07-23T05:00:17","slug":"disfrutar-del-verano","status":"publish","type":"post","link":"https:\/\/blogs.diariovasco.com\/trampolin-vida\/2014\/07\/23\/disfrutar-del-verano\/","title":{"rendered":"Disfrutar del Verano"},"content":{"rendered":"<p>Llega el verano y con \u00e9l las vacaciones de la mayor\u00eda de los mortales, o al menos, una parte de ellas. Todo el a\u00f1o trabajando y pensando en lo que vamos a hacer durante esos d\u00edas de descanso, y sin embargo, no por esperadas, siempre somos capaces de disfrutarlas de la mejor de las formas, o al menos, de la manera que m\u00e1s nos conviene en ese momento. Por este motivo, y durante estas semanas, quiero hacer un repaso sobre ciertos<strong> aspectos<\/strong> a tener en cuenta, para poder cada uno reflexionar, y elegir qu\u00e9 es lo que quiere hacer y c\u00f3mo, para sacarle el mayor partido a nuestras vacaciones, incluso para aquellos que no dispongan de d\u00edas libres, c\u00f3mo poder aprovechar el verano.<\/p>\n<p><a href=\"\/trampolin-vida\/wp-content\/uploads\/sites\/62\/2014\/07\/disfrutar-el-verano.jpg\"><img loading=\"lazy\" class=\"alignleft size-medium wp-image-232\" title=\"disfrutar-el-verano\" src=\"\/trampolin-vida\/wp-content\/uploads\/sites\/62\/2014\/07\/disfrutar-el-verano.jpg\" alt=\"\" width=\"300\" height=\"174\" srcset=\"https:\/\/static-blogs.diariovasco.com\/wp-content\/uploads\/sites\/62\/2014\/07\/disfrutar-el-verano.jpg 700w, https:\/\/static-blogs.diariovasco.com\/wp-content\/uploads\/sites\/62\/2014\/07\/disfrutar-el-verano-300x174.jpg 300w\" sizes=\"(max-width: 300px) 100vw, 300px\" \/><\/a><\/p>\n<p>Lo primero de todo es tener en cuenta <strong>qu\u00e9<\/strong> es lo que <strong>queremos<\/strong> lograr o c\u00f3mo nos queremos sentir cuando llegue el final de las vacaciones. Es decir, si lo que pretendo es descansar porque me encuentro f\u00edsica y mentalmente agotada, ser\u00e1 mejor que no me sumerja en un viaje en el que me vea obligada a visitar un mont\u00f3n de sitios en poco tiempo. O por el contrario, si necesito desconectar de la rutina y sentir que hago algo de \u201cprovecho\u201d durante estos d\u00edas, ser\u00e1 mejor que no me dedique a estar tumbada en una tumbona. Por lo tanto, tengamos muy en cuenta, que es lo que queremos conseguir con estos d\u00edas libres que tenemos, cual es nuestro objetivo principal: descansar, desconectar, disfrutar de la familia o amigos, iniciarnos en una nueva actividad, estudiar, \u201cvaguear\u201d, conocer nuevos sitios o nuevas amistades\u2026 y dependiendo cual haya sido nuestra elecci\u00f3n, actuemos en consonancia con ello.<a href=\"\/trampolin-vida\/wp-content\/uploads\/sites\/62\/2014\/07\/images-1.jpg\"><img loading=\"lazy\" class=\"alignright size-medium wp-image-233\" title=\"images (1)\" src=\"\/trampolin-vida\/wp-content\/uploads\/sites\/62\/2014\/07\/images-1.jpg\" alt=\"\" width=\"300\" height=\"148\" srcset=\"https:\/\/static-blogs.diariovasco.com\/wp-content\/uploads\/sites\/62\/2014\/07\/images-1.jpg 319w, https:\/\/static-blogs.diariovasco.com\/wp-content\/uploads\/sites\/62\/2014\/07\/images-1-300x149.jpg 300w\" sizes=\"(max-width: 300px) 100vw, 300px\" \/><\/a><\/p>\n<p>S\u00e9 que en estos momentos, muchos de vosotros estar\u00e9is pensando que es muy f\u00e1cil decirlo pero no tanto hacerlo, ya que a veces no se dispone de los medios necesarios, y lo que es a\u00fan peor, aunque siempre existen alternativas diferentes para cada objetivo, muchas veces estos no concuerdan con los objetivos de los de nuestro alrededor, familia, pareja, amigos,\u2026 Por lo tanto, una vez tenemos claro qu\u00e9 es lo que queremos conseguir, el siguiente paso es <strong>consensuarlo<\/strong> con esas personas que lo queremos hacer. No siempre resulta f\u00e1cil ponerse de acuerdo en lo qu\u00e9 hacer, pero podemos valorar otras alternativas cuando lo consideremos necesario. Si uno est\u00e1 decidido a descansar y el acompa\u00f1ante no est\u00e1 dispuesto a cambiar sus planes m\u00e1s activos, podemos pensar desde irnos por separado de vacaciones hasta buscar una soluci\u00f3n intermedia que nos satisfaga a los dos. Lo importante, es que al final de estas, nos sintamos bien con lo que hemos hecho, satisfechos con el resultado logrado y habiendo recuperado la energ\u00eda.<\/p>\n<!-- AddThis Advanced Settings generic via filter on the_content --><!-- AddThis Share Buttons generic via filter on the_content -->","protected":false},"excerpt":{"rendered":"<p>Llega el verano y con \u00e9l las vacaciones de la mayor\u00eda de los mortales, o al menos, una parte de ellas. Todo el a\u00f1o trabajando y pensando en lo que vamos a hacer durante esos d\u00edas de descanso, y sin embargo, no por esperadas, siempre somos capaces de disfrutarlas de la mejor de las formas, [&hellip;]<!-- AddThis Advanced Settings generic via filter on get_the_excerpt --><!-- AddThis Share Buttons generic via filter on get_the_excerpt --><\/p>\n","protected":false},"author":93,"featured_media":0,"comment_status":"open","ping_status":"closed","sticky":false,"template":"","format":"standard","meta":[],"categories":[2],"tags":[],"_links":{"self":[{"href":"https:\/\/blogs.diariovasco.com\/trampolin-vida\/wp-json\/wp\/v2\/posts\/231"}],"collection":[{"href":"https:\/\/blogs.diariovasco.com\/trampolin-vida\/wp-json\/wp\/v2\/posts"}],"about":[{"href":"https:\/\/blogs.diariovasco.com\/trampolin-vida\/wp-json\/wp\/v2\/types\/post"}],"author":[{"embeddable":true,"href":"https:\/\/blogs.diariovasco.com\/trampolin-vida\/wp-json\/wp\/v2\/users\/93"}],"replies":[{"embeddable":true,"href":"https:\/\/blogs.diariovasco.com\/trampolin-vida\/wp-json\/wp\/v2\/comments?post=231"}],"version-history":[{"count":0,"href":"https:\/\/blogs.diariovasco.com\/trampolin-vida\/wp-json\/wp\/v2\/posts\/231\/revisions"}],"wp:attachment":[{"href":"https:\/\/blogs.diariovasco.com\/trampolin-vida\/wp-json\/wp\/v2\/media?parent=231"}],"wp:term":[{"taxonomy":"category","embeddable":true,"href":"https:\/\/blogs.diariovasco.com\/trampolin-vida\/wp-json\/wp\/v2\/categories?post=231"},{"taxonomy":"post_tag","embeddable":true,"href":"https:\/\/blogs.diariovasco.com\/trampolin-vida\/wp-json\/wp\/v2\/tags?post=231"}],"curies":[{"name":"wp","href":"https:\/\/api.w.org\/{rel}","templated":true}]}}