{"id":235,"date":"2014-07-30T07:00:44","date_gmt":"2014-07-30T05:00:44","guid":{"rendered":"http:\/\/blogs.diariovasco.com\/trampolin-vida\/?p=235"},"modified":"2014-07-30T07:00:44","modified_gmt":"2014-07-30T05:00:44","slug":"disfrutar-del-verano-ii","status":"publish","type":"post","link":"https:\/\/blogs.diariovasco.com\/trampolin-vida\/2014\/07\/30\/disfrutar-del-verano-ii\/","title":{"rendered":"Disfrutar del Verano II"},"content":{"rendered":"<p>Continuamos con las vacaciones y pensando en disfrutar de ellas lo m\u00e1s posible. Como ya comenc\u00e9 a contar la semana pasada, para sentirnos satisfechos al final de estas, lo mejor que podemos hacer es planificarlas lo m\u00e1s posible, para evitar disgustos, por supuesto siempre dejando un margen a la <strong>flexibilidad<\/strong>. Cuanto m\u00e1s atados tengamos los cabos de lo que queremos hacer, m\u00e1s f\u00e1cil es que todo salga seg\u00fan lo previsto, bien sea un viaje, las actividades de verano de los ni\u00f1os, los cursos que nos gustar\u00eda hacer, planes con los amigos o cualquier prop\u00f3sito que nos hayamos planteado. Eso s\u00ed, dejando abierto que las cosas pueden cambiar, y que m\u00e1s nos vale amoldarnos a estos cambios con flexibilidad que dejar de disfrutar de las vacaciones. Si ocurriera cualquier variaci\u00f3n es importante amoldarnos a ella y pensar en las posibles soluciones para elegir la que m\u00e1s nos convenga en ese momento. No dejemos que el verano se\u00a0nos arruine por un cambio de vuelo, no poder hacer la actividad que dese\u00e1bamos o no poder estar con la personas que hab\u00edamos pensado.<\/p>\n<p><a href=\"\/trampolin-vida\/wp-content\/uploads\/sites\/62\/2014\/07\/SketchdeViaje20101.jpg\"><img loading=\"lazy\" class=\"alignleft size-medium wp-image-240\" title=\"SketchdeViaje2010\" src=\"\/trampolin-vida\/wp-content\/uploads\/sites\/62\/2014\/07\/SketchdeViaje20101.jpg\" alt=\"\" width=\"300\" height=\"218\" srcset=\"https:\/\/static-blogs.diariovasco.com\/wp-content\/uploads\/sites\/62\/2014\/07\/SketchdeViaje20101.jpg 1500w, https:\/\/static-blogs.diariovasco.com\/wp-content\/uploads\/sites\/62\/2014\/07\/SketchdeViaje20101-300x218.jpg 300w, https:\/\/static-blogs.diariovasco.com\/wp-content\/uploads\/sites\/62\/2014\/07\/SketchdeViaje20101-768x559.jpg 768w, https:\/\/static-blogs.diariovasco.com\/wp-content\/uploads\/sites\/62\/2014\/07\/SketchdeViaje20101-1024x745.jpg 1024w\" sizes=\"(max-width: 300px) 100vw, 300px\" \/><\/a><\/p>\n<p>Por otra parte, tambi\u00e9n es importante, que <strong>transmitamos<\/strong> a los de nuestro alrededor cuales son nuestros deseos, ya que es m\u00e1s f\u00e1cil ponernos de acuerdo si decimos exactamente lo que queremos. Tendemos a pensar que los dem\u00e1s son adivinos y saben en cada momento lo que queremos, y esto no suele ser as\u00ed, con suerte nos encontramos con alguien cerca que puede intuir que nos gustar\u00eda, por lo tanto, si lo que queremos es calma, o diversi\u00f3n, o compa\u00f1\u00eda, o nuevas experiencias, dig\u00e1moslo, ser\u00e1 m\u00e1s sencillo lograrlo y no nos sentiremos frustrados ni incomprendidos.nos arruine por un cambio de vuelo, no poder hacer la actividad que dese\u00e1bamos o no poder estar con la personas que hab\u00edamos pensado.<\/p>\n<p><a href=\"\/trampolin-vida\/wp-content\/uploads\/sites\/62\/2014\/07\/images-2.jpg\"><img loading=\"lazy\" class=\"alignright size-full wp-image-237\" title=\"images (2)\" src=\"\/trampolin-vida\/wp-content\/uploads\/sites\/62\/2014\/07\/images-2.jpg\" alt=\"\" width=\"266\" height=\"190\" \/><\/a><\/p>\n<p>Por supuesto, en este aspecto a tener en cuenta, son muy importantes los <strong>ni\u00f1os<\/strong>, a los que hay que ir comunic\u00e1ndoles en cada momento lo que se espera de ellos. Tanto al comienzo de las vacaciones, <strong>explicarles<\/strong> cu\u00e1les son sus cometidos para el verano, hora de levantarse, de acostarse, tareas en las que tengan que ayudar en casa\u2026como si salimos fuera con ellos, c\u00f3mo deben comportarse en los lugares que vayamos a visitar, en los restaurantes, y en cada actividad que realicemos. Puede parecer cansado, pero desde luego es mucho mejor educar y prevenir, que tener que estar enfad\u00e1ndose a casa momento porque no se portan bien. Recordemos que los ni\u00f1os necesitan saber cu\u00e1les son los l\u00edmites para actuar y que estos l\u00edmites a su vez les proporcionan seguridad. Cuanto mejor nos portemos todos, m\u00e1s disfrutaremos.<\/p>\n<!-- AddThis Advanced Settings generic via filter on the_content --><!-- AddThis Share Buttons generic via filter on the_content -->","protected":false},"excerpt":{"rendered":"<p>Continuamos con las vacaciones y pensando en disfrutar de ellas lo m\u00e1s posible. Como ya comenc\u00e9 a contar la semana pasada, para sentirnos satisfechos al final de estas, lo mejor que podemos hacer es planificarlas lo m\u00e1s posible, para evitar disgustos, por supuesto siempre dejando un margen a la flexibilidad. Cuanto m\u00e1s atados tengamos los [&hellip;]<!-- AddThis Advanced Settings generic via filter on get_the_excerpt --><!-- AddThis Share Buttons generic via filter on get_the_excerpt --><\/p>\n","protected":false},"author":93,"featured_media":0,"comment_status":"open","ping_status":"closed","sticky":false,"template":"","format":"standard","meta":[],"categories":[2],"tags":[],"_links":{"self":[{"href":"https:\/\/blogs.diariovasco.com\/trampolin-vida\/wp-json\/wp\/v2\/posts\/235"}],"collection":[{"href":"https:\/\/blogs.diariovasco.com\/trampolin-vida\/wp-json\/wp\/v2\/posts"}],"about":[{"href":"https:\/\/blogs.diariovasco.com\/trampolin-vida\/wp-json\/wp\/v2\/types\/post"}],"author":[{"embeddable":true,"href":"https:\/\/blogs.diariovasco.com\/trampolin-vida\/wp-json\/wp\/v2\/users\/93"}],"replies":[{"embeddable":true,"href":"https:\/\/blogs.diariovasco.com\/trampolin-vida\/wp-json\/wp\/v2\/comments?post=235"}],"version-history":[{"count":0,"href":"https:\/\/blogs.diariovasco.com\/trampolin-vida\/wp-json\/wp\/v2\/posts\/235\/revisions"}],"wp:attachment":[{"href":"https:\/\/blogs.diariovasco.com\/trampolin-vida\/wp-json\/wp\/v2\/media?parent=235"}],"wp:term":[{"taxonomy":"category","embeddable":true,"href":"https:\/\/blogs.diariovasco.com\/trampolin-vida\/wp-json\/wp\/v2\/categories?post=235"},{"taxonomy":"post_tag","embeddable":true,"href":"https:\/\/blogs.diariovasco.com\/trampolin-vida\/wp-json\/wp\/v2\/tags?post=235"}],"curies":[{"name":"wp","href":"https:\/\/api.w.org\/{rel}","templated":true}]}}