{"id":241,"date":"2014-08-06T07:00:46","date_gmt":"2014-08-06T05:00:46","guid":{"rendered":"http:\/\/blogs.diariovasco.com\/trampolin-vida\/?p=241"},"modified":"2014-08-06T07:00:46","modified_gmt":"2014-08-06T05:00:46","slug":"disfrutar-del-verano-iii","status":"publish","type":"post","link":"https:\/\/blogs.diariovasco.com\/trampolin-vida\/2014\/08\/06\/disfrutar-del-verano-iii\/","title":{"rendered":"Disfrutar del Verano III"},"content":{"rendered":"<p>Tanto si salimos fuera, como si nos quedamos en casa, el verano es para disfrutarlo, o al menos este es uno de los prop\u00f3sitos de la mayor\u00eda de nosotros. Por lo tanto, para que podamos hacerlo, es importante que nos <strong>repartamos las tareas<\/strong> entre todos. Este deber\u00eda ser un prop\u00f3sito de todo el a\u00f1o, aunque como en estas fechas suele haber horarios diferentes, podemos ajustar los nuevos horarios y repartir de forma m\u00e1s ecu\u00e1nime las tareas, de tal manera que todos podamos disfrutar un poco m\u00e1s del tiempo libre, y no dejando que nadie se sobrecargue de trabajo.<\/p>\n<p><a href=\"\/trampolin-vida\/wp-content\/uploads\/sites\/62\/2014\/07\/images-3.jpg\"><img loading=\"lazy\" class=\"alignleft size-full wp-image-243\" title=\"images (3)\" src=\"\/trampolin-vida\/wp-content\/uploads\/sites\/62\/2014\/07\/images-3.jpg\" alt=\"\" width=\"289\" height=\"174\" \/><\/a><\/p>\n<p>Otro aspecto a tener en cuenta para disfrutar de nuestras vacaciones es que podemos decir <strong>No<\/strong> a los <strong>compromisos<\/strong> que nos alejen de nuestro prop\u00f3sito de descanso o divertimento. Es verdad, que durante el a\u00f1o, no solemos disponer de tiempo para hacer algunos planes o estar con gente que decimos querer estar, pero a veces, estos son compromisos que nos imponemos a nosotros mismos, y que no tienen m\u00e1s sentido que el que nosotros queremos darle. Visitar a tal persona, hacer limpieza de tal sitio, programarnos una tabla de ejercicio porque alguien nos ha comentado que le va bien, u organizar una cena con unos amigos que llevamos tiempo sin ver. No significa que no haya cosas que despu\u00e9s nos sintamos bien haciendo, pero tengamos en cuenta que las vacaciones son para retomar energ\u00eda, y que si nos saturamos con obligaciones, no dejamos tiempo a aquello que de verdad nos va a portar esta energ\u00eda, independientemente de c\u00f3mo haya elegido cada uno aprovechar estos d\u00edas.<\/p>\n<p>Al hilo del aspecto <strong>tiempo<\/strong>, tenemos que darnos cuenta que el d\u00eda tiene veinticuatro horas y una<\/p>\n<p><a href=\"\/trampolin-vida\/wp-content\/uploads\/sites\/62\/2014\/07\/descarga-1.jpg\"><img loading=\"lazy\" class=\"alignright size-full wp-image-244\" title=\"descarga (1)\" src=\"\/trampolin-vida\/wp-content\/uploads\/sites\/62\/2014\/07\/descarga-1.jpg\" alt=\"\" width=\"197\" height=\"256\" \/><\/a><\/p>\n<p>semana siete d\u00edas. S\u00e9 que parece una perogrullada, pero muchas veces nos empe\u00f1amos en querer hacer demasiadas cosas en un mismo d\u00eda, y terminamos agotados, y con la sensaci\u00f3n de no haber llegado a nada, o no haber podido <strong>disfrutar<\/strong> de las cosas. Esta sensaci\u00f3n de andar corriendo ya la solemos tener durante todo el a\u00f1o, procuremos disfrutar en cada momento de lo que estamos haciendo, y no frustrados por no haber conseguido llegar a alguno de los planes. Cuantas veces o\u00edmos a turistas que se han sentido como reba\u00f1os corriendo de un lado para otro por las calles de no s\u00e9 qu\u00e9 ciudad, o a amigos que han estado en tantas fiestas que no recuerdan muy bien con quien estuvieron en cada una, personas que han le\u00eddo tantos libros que mezclan los argumentos, o aquellas que intentaron hacer un poco de todo y terminaron m\u00e1s cansados mentalmente de lo que comenzaron. Planifiquemos con cabeza y pensando en cu\u00e1l es el resultado final que queremos obtener de estos d\u00edas.<\/p>\n<p>&nbsp;<\/p>\n<!-- AddThis Advanced Settings generic via filter on the_content --><!-- AddThis Share Buttons generic via filter on the_content -->","protected":false},"excerpt":{"rendered":"<p>Tanto si salimos fuera, como si nos quedamos en casa, el verano es para disfrutarlo, o al menos este es uno de los prop\u00f3sitos de la mayor\u00eda de nosotros. Por lo tanto, para que podamos hacerlo, es importante que nos repartamos las tareas entre todos. Este deber\u00eda ser un prop\u00f3sito de todo el a\u00f1o, aunque [&hellip;]<!-- AddThis Advanced Settings generic via filter on get_the_excerpt --><!-- AddThis Share Buttons generic via filter on get_the_excerpt --><\/p>\n","protected":false},"author":93,"featured_media":0,"comment_status":"open","ping_status":"closed","sticky":false,"template":"","format":"standard","meta":[],"categories":[2],"tags":[],"_links":{"self":[{"href":"https:\/\/blogs.diariovasco.com\/trampolin-vida\/wp-json\/wp\/v2\/posts\/241"}],"collection":[{"href":"https:\/\/blogs.diariovasco.com\/trampolin-vida\/wp-json\/wp\/v2\/posts"}],"about":[{"href":"https:\/\/blogs.diariovasco.com\/trampolin-vida\/wp-json\/wp\/v2\/types\/post"}],"author":[{"embeddable":true,"href":"https:\/\/blogs.diariovasco.com\/trampolin-vida\/wp-json\/wp\/v2\/users\/93"}],"replies":[{"embeddable":true,"href":"https:\/\/blogs.diariovasco.com\/trampolin-vida\/wp-json\/wp\/v2\/comments?post=241"}],"version-history":[{"count":0,"href":"https:\/\/blogs.diariovasco.com\/trampolin-vida\/wp-json\/wp\/v2\/posts\/241\/revisions"}],"wp:attachment":[{"href":"https:\/\/blogs.diariovasco.com\/trampolin-vida\/wp-json\/wp\/v2\/media?parent=241"}],"wp:term":[{"taxonomy":"category","embeddable":true,"href":"https:\/\/blogs.diariovasco.com\/trampolin-vida\/wp-json\/wp\/v2\/categories?post=241"},{"taxonomy":"post_tag","embeddable":true,"href":"https:\/\/blogs.diariovasco.com\/trampolin-vida\/wp-json\/wp\/v2\/tags?post=241"}],"curies":[{"name":"wp","href":"https:\/\/api.w.org\/{rel}","templated":true}]}}