{"id":255,"date":"2014-08-27T07:00:48","date_gmt":"2014-08-27T05:00:48","guid":{"rendered":"http:\/\/blogs.diariovasco.com\/trampolin-vida\/?p=255"},"modified":"2014-08-27T07:00:48","modified_gmt":"2014-08-27T05:00:48","slug":"disfrutar-del-verano-vi","status":"publish","type":"post","link":"https:\/\/blogs.diariovasco.com\/trampolin-vida\/2014\/08\/27\/disfrutar-del-verano-vi\/","title":{"rendered":"Disfrutar del Verano VI"},"content":{"rendered":"<p>Llevo ya unas semanas hablando de todo lo que se puede hacer durante el verano, o mejor dicho, de aquello que podemos elegir hacer para disfrutar de la mejor de las formas el verano que queremos conseguir, siempre teniendo en cuenta, lo que cada uno de nosotros tiene como objetivo. Algo muy obvio en verano, es <strong>disfrutar de la naturaleza<\/strong>, aunque a veces nos cueste darnos cuenta. Es verdad, que, a todos nos gusta en esta \u00e9poca es estar m\u00e1s en la calle, disfrutando del buen tiempo, sin embargo, esto no significa que aprovechemos los espacios naturales que hay en nuestro entorno para disfrutar de ellos. Esta es una buena \u00e9poca para hacer algo tan sencillo como relajarnos caminando por una playa, bosque o parque y cargarnos de la energ\u00eda que la naturaleza nos ofrece.<\/p>\n<p><a href=\"\/trampolin-vida\/wp-content\/uploads\/sites\/62\/2014\/08\/vivir.jpg\"><img loading=\"lazy\" class=\"alignleft size-medium wp-image-256\" title=\"vivir\" src=\"\/trampolin-vida\/wp-content\/uploads\/sites\/62\/2014\/08\/vivir.jpg\" alt=\"\" width=\"300\" height=\"225\" srcset=\"https:\/\/static-blogs.diariovasco.com\/wp-content\/uploads\/sites\/62\/2014\/08\/vivir.jpg 500w, https:\/\/static-blogs.diariovasco.com\/wp-content\/uploads\/sites\/62\/2014\/08\/vivir-300x225.jpg 300w\" sizes=\"(max-width: 300px) 100vw, 300px\" \/><\/a><\/p>\n<p>Aprovechando estos paseos, podemos hacer uno de los viajes que mejor nos va a venir para entendernos, el <strong>viaje <\/strong>a nuestro <strong>interior<\/strong>. El verano es un buen momento para escucharnos a nosotros mismos y a nuestro cuerpo, saber qu\u00e9 es lo que este nos dice y qu\u00e9 es lo que necesitamos para retomar fuerzas. En cada caso, y en cada momento, escucharemos mensajes diferentes, por este motivo, estar atentos a lo que necesitamos nos puede ayudar a saber qu\u00e9 hacer y c\u00f3mo hacerlo.<\/p>\n<p>Ahora que hemos descansado, disfrutado y recargado las pilas, es el momento de ir pensando en la vuelta al trabajo y en hacerlo de la forma m\u00e1s positiva posible. Para conseguirlo, en lugar de deprimirnos, porque se acaban las vacaciones, lo mejor que podemos hacer, es <strong>agradecer<\/strong> el haberlas tenido, independientemente de si hemos podido salir de viaje o no. Si hemos logrado con nuestras decisiones hacer aquello que nos propon\u00edamos en un principio, podemos sentirnos contentos, y si no lo hemos logrado, ya que ha habido algo que se ha interpuesto en nuestro camino, podemos aprovechar la ocasi\u00f3n para aprender de la situaci\u00f3n y de c\u00f3mo hemos actuado nosotros. Si lo pensamos bien, siempre hay algo de lo que aprender, por lo tanto algo que agradecer.<a href=\"\/trampolin-vida\/wp-content\/uploads\/sites\/62\/2014\/08\/wpid-f10.jpg\"><img loading=\"lazy\" class=\"alignright size-medium wp-image-257\" title=\"wpid-f10\" src=\"\/trampolin-vida\/wp-content\/uploads\/sites\/62\/2014\/08\/wpid-f10.jpg\" alt=\"\" width=\"300\" height=\"186\" srcset=\"https:\/\/static-blogs.diariovasco.com\/wp-content\/uploads\/sites\/62\/2014\/08\/wpid-f10.jpg 480w, https:\/\/static-blogs.diariovasco.com\/wp-content\/uploads\/sites\/62\/2014\/08\/wpid-f10-300x186.jpg 300w\" sizes=\"(max-width: 300px) 100vw, 300px\" \/><\/a><\/p>\n<p>Por otra parte, y para continuar con nuestra vuelta a la rutina, en lugar de desmoralizarnos porque ya no disponemos de d\u00edas libres, lo que podemos es buscar algo que nos <strong>ilusione<\/strong> y nos motive a seguir estando bien. \u201cTener que\u201d trabajar cada d\u00eda no significa no poder divertirse ni disfrutar de las cosas que hacemos y de todo aquello que nos rodea, incluidos nuestros seres queridos.<\/p>\n<!-- AddThis Advanced Settings generic via filter on the_content --><!-- AddThis Share Buttons generic via filter on the_content -->","protected":false},"excerpt":{"rendered":"<p>Llevo ya unas semanas hablando de todo lo que se puede hacer durante el verano, o mejor dicho, de aquello que podemos elegir hacer para disfrutar de la mejor de las formas el verano que queremos conseguir, siempre teniendo en cuenta, lo que cada uno de nosotros tiene como objetivo. Algo muy obvio en verano, [&hellip;]<!-- AddThis Advanced Settings generic via filter on get_the_excerpt --><!-- AddThis Share Buttons generic via filter on get_the_excerpt --><\/p>\n","protected":false},"author":93,"featured_media":0,"comment_status":"open","ping_status":"closed","sticky":false,"template":"","format":"standard","meta":[],"categories":[2],"tags":[],"_links":{"self":[{"href":"https:\/\/blogs.diariovasco.com\/trampolin-vida\/wp-json\/wp\/v2\/posts\/255"}],"collection":[{"href":"https:\/\/blogs.diariovasco.com\/trampolin-vida\/wp-json\/wp\/v2\/posts"}],"about":[{"href":"https:\/\/blogs.diariovasco.com\/trampolin-vida\/wp-json\/wp\/v2\/types\/post"}],"author":[{"embeddable":true,"href":"https:\/\/blogs.diariovasco.com\/trampolin-vida\/wp-json\/wp\/v2\/users\/93"}],"replies":[{"embeddable":true,"href":"https:\/\/blogs.diariovasco.com\/trampolin-vida\/wp-json\/wp\/v2\/comments?post=255"}],"version-history":[{"count":0,"href":"https:\/\/blogs.diariovasco.com\/trampolin-vida\/wp-json\/wp\/v2\/posts\/255\/revisions"}],"wp:attachment":[{"href":"https:\/\/blogs.diariovasco.com\/trampolin-vida\/wp-json\/wp\/v2\/media?parent=255"}],"wp:term":[{"taxonomy":"category","embeddable":true,"href":"https:\/\/blogs.diariovasco.com\/trampolin-vida\/wp-json\/wp\/v2\/categories?post=255"},{"taxonomy":"post_tag","embeddable":true,"href":"https:\/\/blogs.diariovasco.com\/trampolin-vida\/wp-json\/wp\/v2\/tags?post=255"}],"curies":[{"name":"wp","href":"https:\/\/api.w.org\/{rel}","templated":true}]}}