{"id":259,"date":"2014-09-03T07:00:48","date_gmt":"2014-09-03T05:00:48","guid":{"rendered":"http:\/\/blogs.diariovasco.com\/trampolin-vida\/?p=259"},"modified":"2014-09-03T07:00:48","modified_gmt":"2014-09-03T05:00:48","slug":"vuelta-de-vacaciones","status":"publish","type":"post","link":"https:\/\/blogs.diariovasco.com\/trampolin-vida\/2014\/09\/03\/vuelta-de-vacaciones\/","title":{"rendered":"Vuelta de vacaciones"},"content":{"rendered":"<p>Esta semana estamos escuchando en todos los medios de comunicaci\u00f3n lo <strong>deprimidos <\/strong>que podemos estar muchos por volver a la rutina tras las vacaciones. Imagino, que este a\u00f1o teniendo en cuenta la situaci\u00f3n econ\u00f3mica del pa\u00eds, lo tendr\u00e1n en cuenta para no herir la susceptibilidad de todos los que no tienen trabajo al que volver, pero a\u00fan y todo, siempre me ha parecido, de bastante mal gusto este fen\u00f3meno de tener que repetirnos lo desanimados que nos tenemos que sentir por continuar con nuestras vidas.<a href=\"\/trampolin-vida\/wp-content\/uploads\/sites\/62\/2014\/08\/images-51.jpg\"><img loading=\"lazy\" class=\"alignleft size-full wp-image-261\" title=\"images (5)\" src=\"\/trampolin-vida\/wp-content\/uploads\/sites\/62\/2014\/08\/images-51.jpg\" alt=\"\" width=\"275\" height=\"183\" \/><\/a><\/p>\n<p>Es verdad, que en vacaciones, se disfruta mucho, que uno se lo puede pasar muy bien y que normalmente se tienen menos obligaciones, lo que nos hace por unos d\u00edas sentirnos m\u00e1s <strong>libres<\/strong>. Pero de ah\u00ed a que se empe\u00f1en en que no nos encontremos bien por vivir nuestra rutina me parece un desprop\u00f3sito. \u00bfQui\u00e9n es nadie para pensar que la mayor\u00eda de nosotros somos desgraciados en nuestra vida y por esto necesitamos las vacaciones para sentirnos bien? Es verdad, que las vacaciones pueden servir, y sirven, para descansar, pero eso no significa que no podamos disfrutar con nuestro trabajo, horarios o actividades varias que hagamos durante el a\u00f1o. Por supuesto, para que te guste tu rutina, tiene que gustarte tu vida, y trabajar por ello, por esto, creo que si alguien se deprime de verdad por volver de vacaciones, lo primero que deber\u00eda hacer es <strong>reflexionar<\/strong> sobre qu\u00e9 es lo que tanto le desagrada de su vida, y ponerse en acci\u00f3n para cambiarlo.<a href=\"\/trampolin-vida\/wp-content\/uploads\/sites\/62\/2014\/08\/images-5.jpg\"><br \/>\n<\/a><\/p>\n<p>Buscar nuevas <strong>ilusiones<\/strong> cada a\u00f1o, nos puede ayudar a motivarnos en el regreso. Los retos nos hacen estar m\u00e1s animados y a sentirnos bien, pero no siempre es necesario tener que buscar nuevos retos, simplemente puede tratarse de mejorar ciertos aspectos de nuestra vida personal o laboral que ya hac\u00edamos anteriormente, o mantener lo que tenemos, que muchas veces no es poco&#8230;<\/p>\n<p><a href=\"\/trampolin-vida\/wp-content\/uploads\/sites\/62\/2014\/08\/san-sebastian-hotel-de-londres-y-de-inglaterra-353352_1000_5602.jpg\"><img loading=\"lazy\" class=\"alignright size-medium wp-image-264\" title=\"san-sebastian-hotel-de-londres-y-de-inglaterra-353352_1000_560\" src=\"\/trampolin-vida\/wp-content\/uploads\/sites\/62\/2014\/08\/san-sebastian-hotel-de-londres-y-de-inglaterra-353352_1000_5602.jpg\" alt=\"\" width=\"300\" height=\"168\" srcset=\"https:\/\/static-blogs.diariovasco.com\/wp-content\/uploads\/sites\/62\/2014\/08\/san-sebastian-hotel-de-londres-y-de-inglaterra-353352_1000_5602.jpg 1000w, https:\/\/static-blogs.diariovasco.com\/wp-content\/uploads\/sites\/62\/2014\/08\/san-sebastian-hotel-de-londres-y-de-inglaterra-353352_1000_5602-300x168.jpg 300w, https:\/\/static-blogs.diariovasco.com\/wp-content\/uploads\/sites\/62\/2014\/08\/san-sebastian-hotel-de-londres-y-de-inglaterra-353352_1000_5602-768x430.jpg 768w\" sizes=\"(max-width: 300px) 100vw, 300px\" \/><\/a><\/p>\n<p>Sea como sea, no dejemos que nadie nos diga c\u00f3mo nos tenemos que sentir, y mucho menos, si nos proponen estar de baj\u00f3n por el mero hecho de ser septiembre. Aunque empiece a oscurecer antes y comiencen las clases, a\u00fan quedan muchas cosas para disfrutar y pas\u00e1rnoslo bien, por lo tanto, disfrutemos de este mes, que por otro lado y para mi es uno de los m\u00e1s <strong>rom\u00e1nticos<\/strong> del a\u00f1o.<\/p>\n<p>&nbsp;<\/p>\n<!-- AddThis Advanced Settings generic via filter on the_content --><!-- AddThis Share Buttons generic via filter on the_content -->","protected":false},"excerpt":{"rendered":"<p>Esta semana estamos escuchando en todos los medios de comunicaci\u00f3n lo deprimidos que podemos estar muchos por volver a la rutina tras las vacaciones. Imagino, que este a\u00f1o teniendo en cuenta la situaci\u00f3n econ\u00f3mica del pa\u00eds, lo tendr\u00e1n en cuenta para no herir la susceptibilidad de todos los que no tienen trabajo al que volver, [&hellip;]<!-- AddThis Advanced Settings generic via filter on get_the_excerpt --><!-- AddThis Share Buttons generic via filter on get_the_excerpt --><\/p>\n","protected":false},"author":93,"featured_media":0,"comment_status":"open","ping_status":"closed","sticky":false,"template":"","format":"standard","meta":[],"categories":[2],"tags":[],"_links":{"self":[{"href":"https:\/\/blogs.diariovasco.com\/trampolin-vida\/wp-json\/wp\/v2\/posts\/259"}],"collection":[{"href":"https:\/\/blogs.diariovasco.com\/trampolin-vida\/wp-json\/wp\/v2\/posts"}],"about":[{"href":"https:\/\/blogs.diariovasco.com\/trampolin-vida\/wp-json\/wp\/v2\/types\/post"}],"author":[{"embeddable":true,"href":"https:\/\/blogs.diariovasco.com\/trampolin-vida\/wp-json\/wp\/v2\/users\/93"}],"replies":[{"embeddable":true,"href":"https:\/\/blogs.diariovasco.com\/trampolin-vida\/wp-json\/wp\/v2\/comments?post=259"}],"version-history":[{"count":0,"href":"https:\/\/blogs.diariovasco.com\/trampolin-vida\/wp-json\/wp\/v2\/posts\/259\/revisions"}],"wp:attachment":[{"href":"https:\/\/blogs.diariovasco.com\/trampolin-vida\/wp-json\/wp\/v2\/media?parent=259"}],"wp:term":[{"taxonomy":"category","embeddable":true,"href":"https:\/\/blogs.diariovasco.com\/trampolin-vida\/wp-json\/wp\/v2\/categories?post=259"},{"taxonomy":"post_tag","embeddable":true,"href":"https:\/\/blogs.diariovasco.com\/trampolin-vida\/wp-json\/wp\/v2\/tags?post=259"}],"curies":[{"name":"wp","href":"https:\/\/api.w.org\/{rel}","templated":true}]}}