{"id":271,"date":"2014-09-17T07:00:44","date_gmt":"2014-09-17T05:00:44","guid":{"rendered":"http:\/\/blogs.diariovasco.com\/trampolin-vida\/?p=271"},"modified":"2014-09-17T07:00:44","modified_gmt":"2014-09-17T05:00:44","slug":"darle-la-vuelta-a-la-tortilla","status":"publish","type":"post","link":"https:\/\/blogs.diariovasco.com\/trampolin-vida\/2014\/09\/17\/darle-la-vuelta-a-la-tortilla\/","title":{"rendered":"Darle la vuelta a la tortilla"},"content":{"rendered":"<p>Esta semana ha venido un cliente al despacho tras sus vacaciones. Esta persona, ten\u00eda como objetivo en sus d\u00edas libres descansar y disfrutar de las vacaciones, sobre todo por la necesidad de cargar las pilas que ten\u00eda, de coger la energ\u00eda para afrontar el a\u00f1o, ya que por su trabajo, soporta mucho desgaste a lo largo de los meses de trabajo.<\/p>\n<p><a href=\"\/trampolin-vida\/wp-content\/uploads\/sites\/62\/2014\/09\/insuficiencia_venosa_cronica.jpg\"><img loading=\"lazy\" class=\"alignleft size-medium wp-image-273\" title=\"insuficiencia_venosa_cronica\" src=\"\/trampolin-vida\/wp-content\/uploads\/sites\/62\/2014\/09\/insuficiencia_venosa_cronica.jpg\" alt=\"\" width=\"300\" height=\"225\" srcset=\"https:\/\/static-blogs.diariovasco.com\/wp-content\/uploads\/sites\/62\/2014\/09\/insuficiencia_venosa_cronica.jpg 389w, https:\/\/static-blogs.diariovasco.com\/wp-content\/uploads\/sites\/62\/2014\/09\/insuficiencia_venosa_cronica-300x226.jpg 300w\" sizes=\"(max-width: 300px) 100vw, 300px\" \/><\/a><\/p>\n<p>Me cuenta, que al d\u00eda siguiente de llegar a su destino, sin apenas haber podido desayunar, sufre un peque\u00f1o <strong>accidente<\/strong>, que le obliga a tener que estar todas las vacaciones inmovilizado, sin poder hacer casi nada de lo que ten\u00eda planeado para esos d\u00edas. Por supuesto, ha podido descansar, pero cualquiera que haya tenido una lesi\u00f3n sabr\u00e1 que cuando a alguien le duele algo, hasta dormir tranquilamente puede suponer una dificultad. Sin embargo, y a pesar de este panorama, de lo que para muchos de nosotros hubiera supuesto una aut\u00e9ntica \u201cdesgracia\u201d, \u00e9l supo darle la vuelta a la tortilla, disfrutando de la compa\u00f1\u00eda en la que estaba, y descansando todo lo posible, logrando como resultado el mismo que se hab\u00eda planteado como objetivo inicial de las vacaciones. A pesar de que le animaron a volver a casa para encontrarse m\u00e1s c\u00f3modo, decidi\u00f3 permanecer donde estaba, pensando que estos d\u00edas le pod\u00edan servir de aprendizaje para dejarse mimar por su familia, ya que es algo que normalmente le cuesta aceptar. Tambi\u00e9n pens\u00f3 que el estar con ellos le pod\u00eda ser \u00fatil para llenarse de fuerza y de <strong>energ\u00eda<\/strong>, algo que necesitaba para afrontar la vuelta al trabajo.\u00a0<a href=\"\/trampolin-vida\/wp-content\/uploads\/sites\/62\/2014\/09\/felicidad-bienestar-ser-feliz-secretos-de-felicidad-ser-feliz-estar-bien-sentirse-bien-equilibrio-como-ser-feliz-claves-de-felicidad.jpg\"><img loading=\"lazy\" class=\"alignright size-medium wp-image-274\" title=\"felicidad-bienestar-ser-feliz-secretos-de-felicidad-ser-feliz-estar-bien-sentirse-bien-equilibrio-como-ser-feliz-claves-de-felicidad\" src=\"\/trampolin-vida\/wp-content\/uploads\/sites\/62\/2014\/09\/felicidad-bienestar-ser-feliz-secretos-de-felicidad-ser-feliz-estar-bien-sentirse-bien-equilibrio-como-ser-feliz-claves-de-felicidad.jpg\" alt=\"\" width=\"300\" height=\"198\" srcset=\"https:\/\/static-blogs.diariovasco.com\/wp-content\/uploads\/sites\/62\/2014\/09\/felicidad-bienestar-ser-feliz-secretos-de-felicidad-ser-feliz-estar-bien-sentirse-bien-equilibrio-como-ser-feliz-claves-de-felicidad.jpg 558w, https:\/\/static-blogs.diariovasco.com\/wp-content\/uploads\/sites\/62\/2014\/09\/felicidad-bienestar-ser-feliz-secretos-de-felicidad-ser-feliz-estar-bien-sentirse-bien-equilibrio-como-ser-feliz-claves-de-felicidad-300x198.jpg 300w\" sizes=\"(max-width: 300px) 100vw, 300px\" \/><\/a><\/p>\n<p>Por otro lado, antes de irse estaba preocupado por su regreso tras las vacaciones, ya que se iban a dar ciertos <strong>cambios<\/strong> en su puesto de trabajo y se ve\u00eda presionado para afrontarlos de la forma m\u00e1s efectiva posible. Sin embargo, al volver, se ha visto obligado a coger la baja, algo que en otro momento le hubiera supuesto todo un reto, pero que al no poderse valer por s\u00ed mismo, no ha tenido otro remedio que aceptar. Sin embargo, una vez m\u00e1s, ha sido capaz de darle la vuelta, de gestionar correctamente desde su casa los cambios que hab\u00eda que hacer, sin que el trabajo se vea perjudicado, y lo que es m\u00e1s importante para \u00e9l, siendo consciente de que sus miedos anteriores eran infundados, ya que, una vez m\u00e1s ha sido capaz de afrontar las situaciones mejor de lo que ha supuesto en un principio. Por supuesto, no he podido m\u00e1s que felicitarle por su coraje y <strong>positividad<\/strong>.<\/p>\n<!-- AddThis Advanced Settings generic via filter on the_content --><!-- AddThis Share Buttons generic via filter on the_content -->","protected":false},"excerpt":{"rendered":"<p>Esta semana ha venido un cliente al despacho tras sus vacaciones. Esta persona, ten\u00eda como objetivo en sus d\u00edas libres descansar y disfrutar de las vacaciones, sobre todo por la necesidad de cargar las pilas que ten\u00eda, de coger la energ\u00eda para afrontar el a\u00f1o, ya que por su trabajo, soporta mucho desgaste a lo [&hellip;]<!-- AddThis Advanced Settings generic via filter on get_the_excerpt --><!-- AddThis Share Buttons generic via filter on get_the_excerpt --><\/p>\n","protected":false},"author":93,"featured_media":0,"comment_status":"open","ping_status":"closed","sticky":false,"template":"","format":"standard","meta":[],"categories":[2],"tags":[],"_links":{"self":[{"href":"https:\/\/blogs.diariovasco.com\/trampolin-vida\/wp-json\/wp\/v2\/posts\/271"}],"collection":[{"href":"https:\/\/blogs.diariovasco.com\/trampolin-vida\/wp-json\/wp\/v2\/posts"}],"about":[{"href":"https:\/\/blogs.diariovasco.com\/trampolin-vida\/wp-json\/wp\/v2\/types\/post"}],"author":[{"embeddable":true,"href":"https:\/\/blogs.diariovasco.com\/trampolin-vida\/wp-json\/wp\/v2\/users\/93"}],"replies":[{"embeddable":true,"href":"https:\/\/blogs.diariovasco.com\/trampolin-vida\/wp-json\/wp\/v2\/comments?post=271"}],"version-history":[{"count":0,"href":"https:\/\/blogs.diariovasco.com\/trampolin-vida\/wp-json\/wp\/v2\/posts\/271\/revisions"}],"wp:attachment":[{"href":"https:\/\/blogs.diariovasco.com\/trampolin-vida\/wp-json\/wp\/v2\/media?parent=271"}],"wp:term":[{"taxonomy":"category","embeddable":true,"href":"https:\/\/blogs.diariovasco.com\/trampolin-vida\/wp-json\/wp\/v2\/categories?post=271"},{"taxonomy":"post_tag","embeddable":true,"href":"https:\/\/blogs.diariovasco.com\/trampolin-vida\/wp-json\/wp\/v2\/tags?post=271"}],"curies":[{"name":"wp","href":"https:\/\/api.w.org\/{rel}","templated":true}]}}