{"id":288,"date":"2014-10-08T07:00:04","date_gmt":"2014-10-08T05:00:04","guid":{"rendered":"http:\/\/blogs.diariovasco.com\/trampolin-vida\/?p=288"},"modified":"2014-10-08T07:00:04","modified_gmt":"2014-10-08T05:00:04","slug":"nuevo-curso-nuevos-habitos","status":"publish","type":"post","link":"https:\/\/blogs.diariovasco.com\/trampolin-vida\/2014\/10\/08\/nuevo-curso-nuevos-habitos\/","title":{"rendered":"Nuevo Curso, Nuevos H\u00e1bitos"},"content":{"rendered":"<p>Hemos comenzado hace ya unas semanas el nuevo curso, y aunque se suele empezar de forma paulatina con la agenda de clases y las extraescolares, ya estamos metidos de pleno. Los colegios han comenzado con las primeras reuniones de padres, en esas en las que se nos indican los <strong>objetivos del curso<\/strong> y lo que se espera de nuestros hijos. Y aqu\u00ed, es cuando, en algunas familias comienzan las preocupaciones.<\/p>\n<p><a href=\"\/trampolin-vida\/wp-content\/uploads\/sites\/62\/2014\/09\/el-estudiar-del-adolescente-7474517.jpg\"><img loading=\"lazy\" class=\"alignleft size-medium wp-image-289\" title=\"el-estudiar-del-adolescente-7474517\" src=\"\/trampolin-vida\/wp-content\/uploads\/sites\/62\/2014\/09\/el-estudiar-del-adolescente-7474517.jpg\" alt=\"\" width=\"300\" height=\"199\" srcset=\"https:\/\/static-blogs.diariovasco.com\/wp-content\/uploads\/sites\/62\/2014\/09\/el-estudiar-del-adolescente-7474517.jpg 400w, https:\/\/static-blogs.diariovasco.com\/wp-content\/uploads\/sites\/62\/2014\/09\/el-estudiar-del-adolescente-7474517-300x200.jpg 300w\" sizes=\"(max-width: 300px) 100vw, 300px\" \/><\/a><\/p>\n<p>Cada vez m\u00e1s, tanto los profesores como los orientadores de cada curso, nos hacen valorar a los padres la importancia de comenzar bien el curso desde el primer momento, alentando a nuestros hijos a que adquieran buenos h\u00e1bitos en los estudios. Pero, los padres, no siempre podemos hacer que esto ocurra, bien porque no sabemos c\u00f3mo hacerlo, o bien, porque \u201ccreemos\u201d no disponer de tiempo. Lo de creemos, lo pongo entre comillas, ya que a veces se trata m\u00e1s de una creencia que nos creamos nosotros mismos para excusarnos de no tener que pasar tiempo en ense\u00f1arles a estudiar. Entiendo, por otra parte, a m\u00ed tambi\u00e9n me pasa, que es agotador llegar a casa tras un d\u00eda duro de trabajo y ponerse a estudiar con tu hijo, o peor, comenzar a discutir para que acabe los deberes. Por todo esto, creo firmemente, en que sean ellos mismos quienes se responsabilicen de sus propias tareas, entre otras cuestiones, porque esto es lo que les va a hacer ser m\u00e1s <strong>aut\u00f3nomos<\/strong> y crecer como personas.<\/p>\n<p>La cuesti\u00f3n, es c\u00f3mo los padres podemos hacer que tomen esta responsabilidad, sin dejarnos la piel ni la voz en ello. A continuaci\u00f3n os sugiero algunas ideas para conseguir el resultado que buscamos:<\/p>\n<p>&#8211;\u00a0\u00a0\u00a0\u00a0\u00a0\u00a0 Hacerles ver y entender la importancia de los <span style=\"text-decoration: underline;\">estudios<\/span> en su vida.<\/p>\n<p>&#8211;\u00a0\u00a0\u00a0\u00a0\u00a0\u00a0 Hacerles comprender que es bueno planificarse la <span style=\"text-decoration: underline;\">agenda<\/span>. A todos nos ayuda.<\/p>\n<p>&#8211;\u00a0\u00a0\u00a0\u00a0\u00a0\u00a0 Marcarles unas <span style=\"text-decoration: underline;\">pautas<\/span> que les puedan servir de gu\u00eda, sin que por ello tengamos que estar continuamente presentes.<\/p>\n<p>&#8211;\u00a0\u00a0\u00a0\u00a0\u00a0\u00a0 Transmitirles, que aunque no estemos f\u00edsicamente presentes, nos preocupamos por sus <span style=\"text-decoration: underline;\">progresos<\/span> y resultados.<\/p>\n<p>&#8211;\u00a0\u00a0\u00a0\u00a0\u00a0\u00a0 <span style=\"text-decoration: underline;\">Valorar<\/span> cada progreso que hagan, por peque\u00f1o que sea, en el camino hacia su autonom\u00eda.<\/p>\n<p>&#8211;\u00a0\u00a0\u00a0\u00a0\u00a0\u00a0 Expresarles nuestra preocupaci\u00f3n por su <span style=\"text-decoration: underline;\">bienestar<\/span>, muchos padres se asombrar\u00edan de lo que a veces los hijos hacen por llamar nuestra atenci\u00f3n, como por ejemplo sacar malas notas.<\/p>\n<p>&#8211;\u00a0\u00a0\u00a0\u00a0\u00a0\u00a0 En caso necesario, y sin que suponga ning\u00fan trauma en la familia, pedir ayuda a <span style=\"text-decoration: underline;\">profesionales<\/span>, como por ejemplo, a un coach que les ayude en el proceso de hacerse m\u00e1s independientes.<\/p>\n<p><a href=\"\/trampolin-vida\/wp-content\/uploads\/sites\/62\/2014\/09\/ninos-estudio.jpg\"><img loading=\"lazy\" class=\"alignright size-medium wp-image-290\" title=\"ninos-estudio\" src=\"\/trampolin-vida\/wp-content\/uploads\/sites\/62\/2014\/09\/ninos-estudio.jpg\" alt=\"\" width=\"259\" height=\"300\" srcset=\"https:\/\/static-blogs.diariovasco.com\/wp-content\/uploads\/sites\/62\/2014\/09\/ninos-estudio.jpg 300w, https:\/\/static-blogs.diariovasco.com\/wp-content\/uploads\/sites\/62\/2014\/09\/ninos-estudio-259x300.jpg 259w\" sizes=\"(max-width: 259px) 100vw, 259px\" \/><\/a><\/p>\n<p>Por supuesto, hay muchos otros profesionales que pueden ayudar, pero como este blog habla sobre el coaching, me voy a referir tanto al <strong>coaching personal<\/strong>, en el que es el ni\u00f1o\/adolescente quien trabaja su proceso, como el <strong>coaching familiar<\/strong>, cuando hay tambi\u00e9n situaciones relacionadas con el resto de la familia a trabajar.<\/p>\n<!-- AddThis Advanced Settings generic via filter on the_content --><!-- AddThis Share Buttons generic via filter on the_content -->","protected":false},"excerpt":{"rendered":"<p>Hemos comenzado hace ya unas semanas el nuevo curso, y aunque se suele empezar de forma paulatina con la agenda de clases y las extraescolares, ya estamos metidos de pleno. Los colegios han comenzado con las primeras reuniones de padres, en esas en las que se nos indican los objetivos del curso y lo que [&hellip;]<!-- AddThis Advanced Settings generic via filter on get_the_excerpt --><!-- AddThis Share Buttons generic via filter on get_the_excerpt --><\/p>\n","protected":false},"author":93,"featured_media":0,"comment_status":"open","ping_status":"closed","sticky":false,"template":"","format":"standard","meta":[],"categories":[2],"tags":[],"_links":{"self":[{"href":"https:\/\/blogs.diariovasco.com\/trampolin-vida\/wp-json\/wp\/v2\/posts\/288"}],"collection":[{"href":"https:\/\/blogs.diariovasco.com\/trampolin-vida\/wp-json\/wp\/v2\/posts"}],"about":[{"href":"https:\/\/blogs.diariovasco.com\/trampolin-vida\/wp-json\/wp\/v2\/types\/post"}],"author":[{"embeddable":true,"href":"https:\/\/blogs.diariovasco.com\/trampolin-vida\/wp-json\/wp\/v2\/users\/93"}],"replies":[{"embeddable":true,"href":"https:\/\/blogs.diariovasco.com\/trampolin-vida\/wp-json\/wp\/v2\/comments?post=288"}],"version-history":[{"count":0,"href":"https:\/\/blogs.diariovasco.com\/trampolin-vida\/wp-json\/wp\/v2\/posts\/288\/revisions"}],"wp:attachment":[{"href":"https:\/\/blogs.diariovasco.com\/trampolin-vida\/wp-json\/wp\/v2\/media?parent=288"}],"wp:term":[{"taxonomy":"category","embeddable":true,"href":"https:\/\/blogs.diariovasco.com\/trampolin-vida\/wp-json\/wp\/v2\/categories?post=288"},{"taxonomy":"post_tag","embeddable":true,"href":"https:\/\/blogs.diariovasco.com\/trampolin-vida\/wp-json\/wp\/v2\/tags?post=288"}],"curies":[{"name":"wp","href":"https:\/\/api.w.org\/{rel}","templated":true}]}}