{"id":310,"date":"2014-10-29T07:00:49","date_gmt":"2014-10-29T06:00:49","guid":{"rendered":"http:\/\/blogs.diariovasco.com\/trampolin-vida\/?p=310"},"modified":"2014-10-29T07:00:49","modified_gmt":"2014-10-29T06:00:49","slug":"los-perfiles-en-las-redes-sociales","status":"publish","type":"post","link":"https:\/\/blogs.diariovasco.com\/trampolin-vida\/2014\/10\/29\/los-perfiles-en-las-redes-sociales\/","title":{"rendered":"Los Perfiles en las Redes Sociales"},"content":{"rendered":"<p>Hace unos d\u00edas asist\u00ed a un curso sobre c\u00f3mo crear un perfil en una red social para profesionales. Lo primero que me di cuenta, fue que llevaba mucho tiempo habiendo creado mi perfil sin haberme ocupado de \u00e9l, lo que ya implicaba que estaba gestionando mal esta actividad. Cuando me dijeron que el taller iba a ser de cuatro horas de duraci\u00f3n, cre\u00ed que era demasiado para una actividad tan sencilla, pero precisamente mi error estaba en suponer que el crear un perfil era algo f\u00e1cil y sencillo, nada m\u00e1s alejado de la realidad, o al menos a mi as\u00ed me lo pareci\u00f3. Lo primero que quiero apuntar, es que la persona que nos imparti\u00f3 el curso lo hizo de una forma muy amena, sabiendo transmitir cada detalle de forma clara y concisa, y utilizando el lenguaje adecuado para que pudi\u00e9ramos entenderle, algo que en este tipo de cursos se agradece mucho.<\/p>\n<p><a href=\"\/trampolin-vida\/wp-content\/uploads\/sites\/62\/2014\/10\/descarga.jpg\"><img loading=\"lazy\" class=\"alignleft size-full wp-image-311\" title=\"descarga\" src=\"\/trampolin-vida\/wp-content\/uploads\/sites\/62\/2014\/10\/descarga.jpg\" alt=\"\" width=\"256\" height=\"197\" \/><\/a><\/p>\n<p>El curso no s\u00f3lo consisti\u00f3 en saber cu\u00e1les son las caracter\u00edsticas m\u00e1s importantes a la hora de dise\u00f1ar un buen perfil, sino tambi\u00e9n c\u00f3mo llevarlas a cabo en cada situaci\u00f3n y c\u00f3mo sacar el mayor provecho de esta red para nuestro propio inter\u00e9s como profesionales. Por ejemplo, hoy en d\u00eda es imprescindible en todos los perfiles colocar una foto, algo que a algunos, en un principio, nos pod\u00eda dar un poco de reparo, por no saber qu\u00e9 foto elegir, cual pudiera ser la actitud m\u00e1s adecuada para cada perfil, o como es mi caso, a pesar de saber c\u00f3mo quiero que sea esa foto, costarme posar de forma natural para conseguir el prop\u00f3sito deseado.<\/p>\n<p>Lo que s\u00ed me qued\u00f3 muy claro, es que, el saber utilizar correctamente bien cada red social puede reportarnos muchos beneficios, hablo sobre todo a nivel laboral, y que aunque algunos de nosotros somos de una generaci\u00f3n a la que no nos supone una herramienta sencilla, el dedicarle un tiempo cada d\u00eda o semana para promocionar lo que hacemos puede reportarnos buenos resultados, o al menos, dejar constancia de que existimos. Debemos concienciarnos que el no estar en la red hoy en d\u00eda equivale a no ser o hacer, por lo que cada vez es m\u00e1s importante darnos a conocer a trav\u00e9s de este medio.<a href=\"\/trampolin-vida\/wp-content\/uploads\/sites\/62\/2014\/10\/IMG_3138.jpg\"><img loading=\"lazy\" class=\"alignright size-medium wp-image-312\" title=\"IMG_3138\" src=\"\/trampolin-vida\/wp-content\/uploads\/sites\/62\/2014\/10\/IMG_3138.jpg\" alt=\"\" width=\"300\" height=\"225\" srcset=\"https:\/\/static-blogs.diariovasco.com\/wp-content\/uploads\/sites\/62\/2014\/10\/IMG_3138.jpg 3264w, https:\/\/static-blogs.diariovasco.com\/wp-content\/uploads\/sites\/62\/2014\/10\/IMG_3138-300x225.jpg 300w, https:\/\/static-blogs.diariovasco.com\/wp-content\/uploads\/sites\/62\/2014\/10\/IMG_3138-768x576.jpg 768w, https:\/\/static-blogs.diariovasco.com\/wp-content\/uploads\/sites\/62\/2014\/10\/IMG_3138-1024x768.jpg 1024w\" sizes=\"(max-width: 300px) 100vw, 300px\" \/><\/a><\/p>\n<p>A continuaci\u00f3n, os dejo algunos de los consejos que nos ofreci\u00f3:<\/p>\n<p>&#8211;\u00a0\u00a0\u00a0\u00a0\u00a0\u00a0 Crear un buen perfil antes de darnos a conocer en la red.<\/p>\n<p>&#8211;\u00a0\u00a0\u00a0\u00a0\u00a0\u00a0 Mantenernos activos peri\u00f3dicamente, para seguir presentes en el recuerdo de los dem\u00e1s.<\/p>\n<p>&#8211;\u00a0\u00a0\u00a0\u00a0\u00a0\u00a0 Ense\u00f1ar todo aquello relacionado con nuestro trabajo que nos pueda aportar valor a\u00f1adido como profesionales.<\/p>\n<p>&#8211;\u00a0\u00a0\u00a0\u00a0\u00a0\u00a0 Mantener coherencia con lo que pueda aparecer en otras redes sociales, y tener cuidado con lo que aparece sobre nosotros en ellas.<\/p>\n<!-- AddThis Advanced Settings generic via filter on the_content --><!-- AddThis Share Buttons generic via filter on the_content -->","protected":false},"excerpt":{"rendered":"<p>Hace unos d\u00edas asist\u00ed a un curso sobre c\u00f3mo crear un perfil en una red social para profesionales. Lo primero que me di cuenta, fue que llevaba mucho tiempo habiendo creado mi perfil sin haberme ocupado de \u00e9l, lo que ya implicaba que estaba gestionando mal esta actividad. Cuando me dijeron que el taller iba [&hellip;]<!-- AddThis Advanced Settings generic via filter on get_the_excerpt --><!-- AddThis Share Buttons generic via filter on get_the_excerpt --><\/p>\n","protected":false},"author":93,"featured_media":0,"comment_status":"open","ping_status":"closed","sticky":false,"template":"","format":"standard","meta":[],"categories":[2],"tags":[],"_links":{"self":[{"href":"https:\/\/blogs.diariovasco.com\/trampolin-vida\/wp-json\/wp\/v2\/posts\/310"}],"collection":[{"href":"https:\/\/blogs.diariovasco.com\/trampolin-vida\/wp-json\/wp\/v2\/posts"}],"about":[{"href":"https:\/\/blogs.diariovasco.com\/trampolin-vida\/wp-json\/wp\/v2\/types\/post"}],"author":[{"embeddable":true,"href":"https:\/\/blogs.diariovasco.com\/trampolin-vida\/wp-json\/wp\/v2\/users\/93"}],"replies":[{"embeddable":true,"href":"https:\/\/blogs.diariovasco.com\/trampolin-vida\/wp-json\/wp\/v2\/comments?post=310"}],"version-history":[{"count":0,"href":"https:\/\/blogs.diariovasco.com\/trampolin-vida\/wp-json\/wp\/v2\/posts\/310\/revisions"}],"wp:attachment":[{"href":"https:\/\/blogs.diariovasco.com\/trampolin-vida\/wp-json\/wp\/v2\/media?parent=310"}],"wp:term":[{"taxonomy":"category","embeddable":true,"href":"https:\/\/blogs.diariovasco.com\/trampolin-vida\/wp-json\/wp\/v2\/categories?post=310"},{"taxonomy":"post_tag","embeddable":true,"href":"https:\/\/blogs.diariovasco.com\/trampolin-vida\/wp-json\/wp\/v2\/tags?post=310"}],"curies":[{"name":"wp","href":"https:\/\/api.w.org\/{rel}","templated":true}]}}