{"id":350,"date":"2014-12-03T07:00:39","date_gmt":"2014-12-03T06:00:39","guid":{"rendered":"http:\/\/blogs.diariovasco.com\/trampolin-vida\/?p=350"},"modified":"2014-12-03T07:00:39","modified_gmt":"2014-12-03T06:00:39","slug":"entrega-de-premios-y-saber-escuchar","status":"publish","type":"post","link":"https:\/\/blogs.diariovasco.com\/trampolin-vida\/2014\/12\/03\/entrega-de-premios-y-saber-escuchar\/","title":{"rendered":"Entrega de Premios y Saber Escuchar"},"content":{"rendered":"<p><a href=\"\/trampolin-vida\/wp-content\/uploads\/sites\/62\/2014\/11\/BmeRh69CUAEET_Z11.jpg\"><img loading=\"lazy\" class=\"alignleft  wp-image-352\" style=\"width: 237px; height: 142px;\" title=\"BmeRh69CUAEET_Z[1]\" src=\"\/trampolin-vida\/wp-content\/uploads\/sites\/62\/2014\/11\/BmeRh69CUAEET_Z11.jpg\" alt=\"\" width=\"600\" height=\"450\" srcset=\"https:\/\/static-blogs.diariovasco.com\/wp-content\/uploads\/sites\/62\/2014\/11\/BmeRh69CUAEET_Z11.jpg 600w, https:\/\/static-blogs.diariovasco.com\/wp-content\/uploads\/sites\/62\/2014\/11\/BmeRh69CUAEET_Z11-300x225.jpg 300w\" sizes=\"(max-width: 600px) 100vw, 600px\" \/><\/a>El otro d\u00eda estuve en una entrega de premios de Onda Cero a la que fui invitada por participar en uno de sus programas. La ceremonia fue \u00a0emotiva a la vez que din\u00e1mica. Los asistentes nos sentimos emocionados, ya que no s\u00f3lo se reconoci\u00f3 la labor de los premiados, sino tambi\u00e9n de las personas que integran esta emisora, lo que me dio la oportunidad para conocer m\u00e1s a fondo \u00a0a las personas con las que cada quince d\u00edas veo en la radio. Uno de los premiados, aparte de agradecer su distinci\u00f3n, supo valorar algo muy importante, el <strong>saber escuchar<\/strong> del presentador de uno de los programas, cualidad cada vez m\u00e1s escasa en nuestra sociedad.<\/p>\n<p>&nbsp;<\/p>\n<p>Este tema, la importancia en nuestra comunicaci\u00f3n de saber escuchar la he compartido en este blog varias veces, y reconozco, que <strong>Eduardo Ya\u00f1ez<\/strong>, me ha facilitado en numerosos programas mi labor por su cualidad de saber escuchar y ser capaz de hacer las preguntas id\u00f3neas para que yo pudiera hacer mi trabajo.<\/p>\n<p>Quiero con este post, no s\u00f3lo <strong>agradecerle<\/strong> a Eduardo su amabilidad y compromiso conmigo, sino tambi\u00e9n la cualidad que sus entrevistados reconocen en \u00e9l. No todos los entrevistadores saben escuchar y entender como \u00e9l lo hace, ya que en la mayor\u00eda de los casos, las personas nos limitamos a soltar nuestra bater\u00eda de preguntas, sin ahondar en lo que la persona nos est\u00e1 contando.<\/p>\n<p>Hoy, en directo, voy a descubrir cu\u00e1les son sus recursos para ser un buen oyente, imagino que son muchas de las que solemos intuir:<\/p>\n<ul>\n<li>Estar atento.<a href=\"\/trampolin-vida\/wp-content\/uploads\/sites\/62\/2014\/11\/section_10043142.png\"><img loading=\"lazy\" class=\"alignright  wp-image-355\" title=\"section_1004314\" src=\"\/trampolin-vida\/wp-content\/uploads\/sites\/62\/2014\/11\/section_10043142.png\" alt=\"\" width=\"290\" height=\"276\" \/><\/a><\/li>\n<li>Empat\u00eda.<\/li>\n<li>Generosidad,\u2026<\/li>\n<\/ul>\n<p>Pero sobre todo quiero destacar su habilidad para hacer sentir a su interlocutor la sensaci\u00f3n de ser especial o de lo que su discurso dice es importante. Es irrelevante el tema que toque, hablar sobre una cuesti\u00f3n importante o m\u00e1s frugal, pero Eduardo pone toda su atenci\u00f3n de igual manera. Esta es la actitud que debemos tener todos cuando queremos que la persona con la que hablamos <strong>se sienta c\u00f3moda<\/strong>, como para expresarnos aquello que queremos que nos cuente. Esta es la verdadera esencia de cualquier buen comunicador, hacer que la persona que tiene en frente pueda hablar en confianza a la vez que sabemos entender lo que nos dice. Por esta cualidad termina siendo protagonista de los premios la persona que los presenta.<\/p>\n<p>&nbsp;<\/p>\n<!-- AddThis Advanced Settings generic via filter on the_content --><!-- AddThis Share Buttons generic via filter on the_content -->","protected":false},"excerpt":{"rendered":"<p>El otro d\u00eda estuve en una entrega de premios de Onda Cero a la que fui invitada por participar en uno de sus programas. La ceremonia fue \u00a0emotiva a la vez que din\u00e1mica. Los asistentes nos sentimos emocionados, ya que no s\u00f3lo se reconoci\u00f3 la labor de los premiados, sino tambi\u00e9n de las personas que [&hellip;]<!-- AddThis Advanced Settings generic via filter on get_the_excerpt --><!-- AddThis Share Buttons generic via filter on get_the_excerpt --><\/p>\n","protected":false},"author":93,"featured_media":0,"comment_status":"open","ping_status":"closed","sticky":false,"template":"","format":"standard","meta":[],"categories":[2],"tags":[],"_links":{"self":[{"href":"https:\/\/blogs.diariovasco.com\/trampolin-vida\/wp-json\/wp\/v2\/posts\/350"}],"collection":[{"href":"https:\/\/blogs.diariovasco.com\/trampolin-vida\/wp-json\/wp\/v2\/posts"}],"about":[{"href":"https:\/\/blogs.diariovasco.com\/trampolin-vida\/wp-json\/wp\/v2\/types\/post"}],"author":[{"embeddable":true,"href":"https:\/\/blogs.diariovasco.com\/trampolin-vida\/wp-json\/wp\/v2\/users\/93"}],"replies":[{"embeddable":true,"href":"https:\/\/blogs.diariovasco.com\/trampolin-vida\/wp-json\/wp\/v2\/comments?post=350"}],"version-history":[{"count":0,"href":"https:\/\/blogs.diariovasco.com\/trampolin-vida\/wp-json\/wp\/v2\/posts\/350\/revisions"}],"wp:attachment":[{"href":"https:\/\/blogs.diariovasco.com\/trampolin-vida\/wp-json\/wp\/v2\/media?parent=350"}],"wp:term":[{"taxonomy":"category","embeddable":true,"href":"https:\/\/blogs.diariovasco.com\/trampolin-vida\/wp-json\/wp\/v2\/categories?post=350"},{"taxonomy":"post_tag","embeddable":true,"href":"https:\/\/blogs.diariovasco.com\/trampolin-vida\/wp-json\/wp\/v2\/tags?post=350"}],"curies":[{"name":"wp","href":"https:\/\/api.w.org\/{rel}","templated":true}]}}