{"id":365,"date":"2014-12-17T07:00:43","date_gmt":"2014-12-17T06:00:43","guid":{"rendered":"http:\/\/blogs.diariovasco.com\/trampolin-vida\/?p=365"},"modified":"2014-12-17T07:00:43","modified_gmt":"2014-12-17T06:00:43","slug":"discutir-no-es-malo-i","status":"publish","type":"post","link":"https:\/\/blogs.diariovasco.com\/trampolin-vida\/2014\/12\/17\/discutir-no-es-malo-i\/","title":{"rendered":"Discutir No es Malo I"},"content":{"rendered":"<p>Hay quien tiene la creencia que discutir significa tener un <strong>enfrentamiento<\/strong>, por lo que lo considera algo negativo, algo que hay que evitar a toda costa, si se quiere tener una buena relaci\u00f3n. Sin embargo, yo no soy de esa opini\u00f3n, creo que discutir nos ense\u00f1a a saber expresar y a comunicar nuestras opiniones, sin que por ello nos tengamos que sentir mal. Quiz\u00e1, se deba a que vengo de una familia en la que todo se discute, desde el tema m\u00e1s intrascendente, hasta lo verdaderamente importante, solemos tratarlo entre todos. Tambi\u00e9n, reconozco, que he pasado muy buenos ratos con mis amigas discutiendo de cualquier tema, adem\u00e1s tenemos la habilidad de posicionarno<a href=\"\/trampolin-vida\/wp-content\/uploads\/sites\/62\/2014\/12\/images4ZXF16MG.jpg\"><img loading=\"lazy\" class=\"alignleft  wp-image-366\" title=\"images4ZXF16MG\" src=\"\/trampolin-vida\/wp-content\/uploads\/sites\/62\/2014\/12\/images4ZXF16MG.jpg\" alt=\"\" width=\"300\" height=\"168\" \/><\/a>s en un momento en dos frentes, siendo capaces de crear grandes debates de temas sin mucha importancia, y pasando del acaloramiento a las risas en un momento. Puede ser que en ocasiones, incluso parezca que el asunto nos <strong>afecte<\/strong> de forma personal, pero al final, siempre sabemos despedirnos de modo muy amigable y cari\u00f1oso.<\/p>\n<p>Este tema no tendr\u00eda m\u00e1s importancia que la de transmitir una opini\u00f3n personal, si no fuera, porque vengo d\u00e1ndome cuenta en el despacho, que aquellas personas que tienen la creencia que discutir es malo, luego tienen problemas a la hora de expresar sus ideas, y esto les provoca sentirse mal o no atreverse a expresar lo que piensan, lo que termina pas\u00e1ndoles una <strong>factura emocional<\/strong>. En ocasiones tienen miedo a contradecir a la otra persona, presumiendo que es mejor guardarse para s\u00ed su opini\u00f3n, que arriesgarse a que la otra persona pueda enfadarse. Hay que tener en cuenta, que estas personas suelen considerar estas cuestiones desde una perspectiva personal, cost\u00e1ndoles aceptar qu<a href=\"\/trampolin-vida\/wp-content\/uploads\/sites\/62\/2014\/12\/imagesGTLFNTS4.jpg\"><img loading=\"lazy\" class=\"alignright  wp-image-367\" title=\"imagesGTLFNTS4\" src=\"\/trampolin-vida\/wp-content\/uploads\/sites\/62\/2014\/12\/imagesGTLFNTS4.jpg\" alt=\"\" width=\"300\" height=\"150\" srcset=\"https:\/\/static-blogs.diariovasco.com\/wp-content\/uploads\/sites\/62\/2014\/12\/imagesGTLFNTS4.jpg 318w, https:\/\/static-blogs.diariovasco.com\/wp-content\/uploads\/sites\/62\/2014\/12\/imagesGTLFNTS4-300x150.jpg 300w\" sizes=\"(max-width: 300px) 100vw, 300px\" \/><\/a>e tener una idea no significa estar en contra de la otra persona, simplemente pensar de forma diferente. Siempre se dice que no es pol\u00edticamente correcto tratar ciertos temas como la pol\u00edtica o la religi\u00f3n en sociedad, sin embargo, esta idea viene de pensar que no se puede tener una buena relaci\u00f3n con un amigo porque se tengan ideas pol\u00edticas diferentes o de fe. \u00a1\u00a1Qu\u00e9 equivocados estamos!! Precisamente, las relaciones que m\u00e1s nos enriquecen son aquellas que m\u00e1s nos <strong>aportan<\/strong>, y escuchar opiniones diferentes a las nuestras nos ofrece otra perspectiva de la realidad, que es lo que m\u00e1s nos puede beneficiar como personas.<\/p>\n<p>&nbsp;<\/p>\n<p><span style=\"font-family: Calibri; font-size: small;\">\u00a0<\/span><\/p>\n<!-- AddThis Advanced Settings generic via filter on the_content --><!-- AddThis Share Buttons generic via filter on the_content -->","protected":false},"excerpt":{"rendered":"<p>Hay quien tiene la creencia que discutir significa tener un enfrentamiento, por lo que lo considera algo negativo, algo que hay que evitar a toda costa, si se quiere tener una buena relaci\u00f3n. Sin embargo, yo no soy de esa opini\u00f3n, creo que discutir nos ense\u00f1a a saber expresar y a comunicar nuestras opiniones, sin [&hellip;]<!-- AddThis Advanced Settings generic via filter on get_the_excerpt --><!-- AddThis Share Buttons generic via filter on get_the_excerpt --><\/p>\n","protected":false},"author":93,"featured_media":0,"comment_status":"open","ping_status":"closed","sticky":false,"template":"","format":"standard","meta":[],"categories":[2],"tags":[],"_links":{"self":[{"href":"https:\/\/blogs.diariovasco.com\/trampolin-vida\/wp-json\/wp\/v2\/posts\/365"}],"collection":[{"href":"https:\/\/blogs.diariovasco.com\/trampolin-vida\/wp-json\/wp\/v2\/posts"}],"about":[{"href":"https:\/\/blogs.diariovasco.com\/trampolin-vida\/wp-json\/wp\/v2\/types\/post"}],"author":[{"embeddable":true,"href":"https:\/\/blogs.diariovasco.com\/trampolin-vida\/wp-json\/wp\/v2\/users\/93"}],"replies":[{"embeddable":true,"href":"https:\/\/blogs.diariovasco.com\/trampolin-vida\/wp-json\/wp\/v2\/comments?post=365"}],"version-history":[{"count":0,"href":"https:\/\/blogs.diariovasco.com\/trampolin-vida\/wp-json\/wp\/v2\/posts\/365\/revisions"}],"wp:attachment":[{"href":"https:\/\/blogs.diariovasco.com\/trampolin-vida\/wp-json\/wp\/v2\/media?parent=365"}],"wp:term":[{"taxonomy":"category","embeddable":true,"href":"https:\/\/blogs.diariovasco.com\/trampolin-vida\/wp-json\/wp\/v2\/categories?post=365"},{"taxonomy":"post_tag","embeddable":true,"href":"https:\/\/blogs.diariovasco.com\/trampolin-vida\/wp-json\/wp\/v2\/tags?post=365"}],"curies":[{"name":"wp","href":"https:\/\/api.w.org\/{rel}","templated":true}]}}