{"id":369,"date":"2014-12-24T07:00:21","date_gmt":"2014-12-24T06:00:21","guid":{"rendered":"http:\/\/blogs.diariovasco.com\/trampolin-vida\/?p=369"},"modified":"2014-12-24T07:00:21","modified_gmt":"2014-12-24T06:00:21","slug":"disfrutar-de-estas-navidades","status":"publish","type":"post","link":"https:\/\/blogs.diariovasco.com\/trampolin-vida\/2014\/12\/24\/disfrutar-de-estas-navidades\/","title":{"rendered":"Disfrutar de estas Navidades"},"content":{"rendered":"<p><a href=\"\/trampolin-vida\/wp-content\/uploads\/sites\/62\/2014\/12\/tarjeta-de-felicitaci\u00f3n-de-la-navidad-33983777.jpg\"><img loading=\"lazy\" class=\"alignleft size-medium wp-image-370\" title=\"h\" src=\"\/trampolin-vida\/wp-content\/uploads\/sites\/62\/2014\/12\/tarjeta-de-felicitaci\u00f3n-de-la-navidad-33983777.jpg\" alt=\"\" width=\"300\" height=\"233\" srcset=\"https:\/\/static-blogs.diariovasco.com\/wp-content\/uploads\/sites\/62\/2014\/12\/tarjeta-de-felicitaci\u00f3n-de-la-navidad-33983777.jpg 1300w, https:\/\/static-blogs.diariovasco.com\/wp-content\/uploads\/sites\/62\/2014\/12\/tarjeta-de-felicitaci\u00f3n-de-la-navidad-33983777-300x233.jpg 300w, https:\/\/static-blogs.diariovasco.com\/wp-content\/uploads\/sites\/62\/2014\/12\/tarjeta-de-felicitaci\u00f3n-de-la-navidad-33983777-768x597.jpg 768w, https:\/\/static-blogs.diariovasco.com\/wp-content\/uploads\/sites\/62\/2014\/12\/tarjeta-de-felicitaci\u00f3n-de-la-navidad-33983777-1024x796.jpg 1024w\" sizes=\"(max-width: 300px) 100vw, 300px\" \/><\/a>Vuelven las tan temibles fechas para algunos, y las a\u00f1oradas para otros: Las Navidades. Son fechas, como siempre se dice, en las que recordamos a las personas no presentes, a\u00f1oramos viejos tiempos y <strong>deseamos<\/strong> que el futuro nos depare lo mejor.<\/p>\n<p>Este a\u00f1o, tengo un poco de todo, pero a\u00fan y todo, espero poder disfrutar de las navidades, porque como dice el anuncio, me lo merezco.<\/p>\n<p>Cada vez, creo menos en el aspecto comercial de las navidades, aunque recibir regalos me encanta, y cada vez me gusta m\u00e1s tener unos d\u00edaspara <strong>dedicarme<\/strong> a estar con las personas que quiero, o hablar con ellas por tel\u00e9fono.\u00a0 Son fechas con una buena excusa para hacerlo, aunque no necesite justificar mis llamadas. Podr\u00eda decir, que mediante este blog, aprovecho para felicitar estas fiestas a todos mis seres queridos, pero creo, que puedo tomarme un rato para hacerlo directamente o por tel\u00e9fono con cada persona, ya que el hacerlo de esta forma, me va a aportar m\u00e1s.<a href=\"\/trampolin-vida\/wp-content\/uploads\/sites\/62\/2014\/12\/christmas-tree1.jpg\"><img loading=\"lazy\" class=\"alignright  wp-image-372\" title=\"christmas-tree\" src=\"\/trampolin-vida\/wp-content\/uploads\/sites\/62\/2014\/12\/christmas-tree1.jpg\" alt=\"\" width=\"220\" height=\"300\" srcset=\"https:\/\/static-blogs.diariovasco.com\/wp-content\/uploads\/sites\/62\/2014\/12\/christmas-tree1.jpg 434w, https:\/\/static-blogs.diariovasco.com\/wp-content\/uploads\/sites\/62\/2014\/12\/christmas-tree1-221x300.jpg 221w\" sizes=\"(max-width: 220px) 100vw, 220px\" \/><\/a><\/p>\n<p>Lo que este a\u00f1o tengo claro, que aunque no sean las mejores navidades de mi vida, quiero disfrutar de estos d\u00edas y procurar que sean unas <strong>felices<\/strong> fiestas. Tengo padres, hijos, pareja y amigos con la que pasarlas, y ya s\u00f3lo por esto, me siento privilegiada. Si adem\u00e1s a\u00f1ado, que voy a ver a familiares que no veo casi m\u00e1s que una vez al a\u00f1o, creo que no puedo pedir m\u00e1s.<\/p>\n<p>S\u00e9 que habr\u00e1 gente que considere este post muy \u00f1o\u00f1o, quiz\u00e1 yo tambi\u00e9n lo piense, pero hoy es Noche Buena, y creo que me puedo permitir el lujo de que sea as\u00ed. Tambi\u00e9n quiero <strong>transmitir<\/strong> mis buenos deseos a todos mis clientes, que tan feliz me hacen durante todo el a\u00f1o cada vez que consiguen avanzar un paso en sus objetivos, a aquellas personas que me ayudan en mi trabajo, y sobre todo, en este momento, a las personas, que por un motivo u otro, de vez en cuando, dedic\u00e1is dos minutos a la semana para leer este post. Cualquiera que tenga un proyecto, que como a m\u00ed, le implique dedicaci\u00f3n, y un gran reto, como es expresar mis ideas en palabras, entender\u00e1 que este <strong>blog<\/strong> y este post es algo m\u00e1s que un medio de comunicaci\u00f3n de mi trabajo\/pasi\u00f3n: <strong>el coaching<\/strong>.<\/p>\n<!-- AddThis Advanced Settings generic via filter on the_content --><!-- AddThis Share Buttons generic via filter on the_content -->","protected":false},"excerpt":{"rendered":"<p>Vuelven las tan temibles fechas para algunos, y las a\u00f1oradas para otros: Las Navidades. Son fechas, como siempre se dice, en las que recordamos a las personas no presentes, a\u00f1oramos viejos tiempos y deseamos que el futuro nos depare lo mejor. Este a\u00f1o, tengo un poco de todo, pero a\u00fan y todo, espero poder disfrutar [&hellip;]<!-- AddThis Advanced Settings generic via filter on get_the_excerpt --><!-- AddThis Share Buttons generic via filter on get_the_excerpt --><\/p>\n","protected":false},"author":93,"featured_media":0,"comment_status":"open","ping_status":"closed","sticky":false,"template":"","format":"standard","meta":[],"categories":[2],"tags":[],"_links":{"self":[{"href":"https:\/\/blogs.diariovasco.com\/trampolin-vida\/wp-json\/wp\/v2\/posts\/369"}],"collection":[{"href":"https:\/\/blogs.diariovasco.com\/trampolin-vida\/wp-json\/wp\/v2\/posts"}],"about":[{"href":"https:\/\/blogs.diariovasco.com\/trampolin-vida\/wp-json\/wp\/v2\/types\/post"}],"author":[{"embeddable":true,"href":"https:\/\/blogs.diariovasco.com\/trampolin-vida\/wp-json\/wp\/v2\/users\/93"}],"replies":[{"embeddable":true,"href":"https:\/\/blogs.diariovasco.com\/trampolin-vida\/wp-json\/wp\/v2\/comments?post=369"}],"version-history":[{"count":0,"href":"https:\/\/blogs.diariovasco.com\/trampolin-vida\/wp-json\/wp\/v2\/posts\/369\/revisions"}],"wp:attachment":[{"href":"https:\/\/blogs.diariovasco.com\/trampolin-vida\/wp-json\/wp\/v2\/media?parent=369"}],"wp:term":[{"taxonomy":"category","embeddable":true,"href":"https:\/\/blogs.diariovasco.com\/trampolin-vida\/wp-json\/wp\/v2\/categories?post=369"},{"taxonomy":"post_tag","embeddable":true,"href":"https:\/\/blogs.diariovasco.com\/trampolin-vida\/wp-json\/wp\/v2\/tags?post=369"}],"curies":[{"name":"wp","href":"https:\/\/api.w.org\/{rel}","templated":true}]}}