{"id":384,"date":"2015-01-21T07:00:09","date_gmt":"2015-01-21T06:00:09","guid":{"rendered":"http:\/\/blogs.diariovasco.com\/trampolin-vida\/?p=384"},"modified":"2015-01-21T07:00:09","modified_gmt":"2015-01-21T06:00:09","slug":"el-sentido-del-humor-y-el-respeto","status":"publish","type":"post","link":"https:\/\/blogs.diariovasco.com\/trampolin-vida\/2015\/01\/21\/el-sentido-del-humor-y-el-respeto\/","title":{"rendered":"El Sentido del Humor y el Respeto"},"content":{"rendered":"<p><a href=\"\/trampolin-vida\/wp-content\/uploads\/sites\/62\/2015\/01\/humor.jpg\"><img loading=\"lazy\" class=\"alignleft size-full wp-image-385\" title=\"humor\" src=\"\/trampolin-vida\/wp-content\/uploads\/sites\/62\/2015\/01\/humor.jpg\" alt=\"\" width=\"275\" height=\"183\" \/><\/a>Estos d\u00edas se habla mucho de la <strong>libertad de expresi\u00f3n<\/strong>, debido al atentado ocurrido en Par\u00eds. Desde luego, no creo que haya nada que justifique una muerte, esto que vaya por delante, pero tambi\u00e9n creo que existe el derecho al respeto, aunque vuelvo a insistir, no significa que se pueda defender de cualquier manera. Simplemente, me gustar\u00eda hacer una reflexi\u00f3n sobre los derechos y libertades de cada uno.<\/p>\n<p>Naturalmente, cada cual se puede re\u00edr de lo que mejor le parezca, pero esto no quiere decir que a todos nos tenga que hacer gracia, y menos a\u00fan, cuando se meten con alg\u00fan aspecto \u00edntimo nuestro. Tenemos que tener en cuenta, que no todos disponemos del <strong>recurso del humor<\/strong> en el mismo grado, y lo que a uno le puede parecer una tonter\u00eda merecedora de risas, a otro le puede resultar un agravio contra su persona. Es verdad, que las personas que tienen m\u00e1s desarrollado este sentido, disponen de m\u00e1s herramientas para superar ciertos aspectos cr\u00edticos de la vida, tienden a ver su situaci\u00f3n desde un punto de vista m\u00e1s positivo, y sobre todo, no suelen caer en la \u201cterribilitis\u201d. Pero, por suerte, no todos somos iguales,\u00a0 y no todo el mundo sabe gestionar las bromas de la misma forma, por lo tanto, tambi\u00e9n tenemos que tener en cuenta que debemos respetar a aquellos q<a href=\"\/trampolin-vida\/wp-content\/uploads\/sites\/62\/2015\/01\/imagesAQCA3N00.jpg\"><img loading=\"lazy\" class=\"alignright  wp-image-386\" style=\"width: 168px; height: 212px;\" title=\"imagesAQCA3N00\" src=\"\/trampolin-vida\/wp-content\/uploads\/sites\/62\/2015\/01\/imagesAQCA3N00.jpg\" alt=\"\" width=\"192\" height=\"263\" \/><\/a>ue no utilizan el humor de la misma forma que nosotros, o que no lo entienden igual.<\/p>\n<p>Por supuesto, doy por sentado, que s\u00f3lo a unos muy pocos, se les ocurre responder como lo han hecho estas personas en el atentado, pero s\u00ed puede ocurrir que la respuesta a una broma sea totalmente la opuesta a la que esperamos por no haberla entendido, o porque no se comparte el mismo sentido del humor. Puede parecer que estoy exagerando una conducta, pero visto los hechos, y no me refiero s\u00f3lo a este caso, creo que debemos pensar antes de hacer una broma. No significa, que no utilicemos el humor, un recurso muy v\u00e1lido para la vida diaria, pero tengamos en cuenta c\u00f3mo lo hacemos y con qui\u00e9n lo hacemos. He visto muchos conflictos personales derivados de una broma mal \u00a0entendida, incluso de comentarios en tono jocoso que se han malinterpretado. Por lo tanto, tengamos en cuenta, que existe nuestro derecho a la libertad de expresi\u00f3n, pero siempre junto al derecho de la otra persona a salvaguardar su <strong>respeto<\/strong>.<\/p>\n<!-- AddThis Advanced Settings generic via filter on the_content --><!-- AddThis Share Buttons generic via filter on the_content -->","protected":false},"excerpt":{"rendered":"<p>Estos d\u00edas se habla mucho de la libertad de expresi\u00f3n, debido al atentado ocurrido en Par\u00eds. Desde luego, no creo que haya nada que justifique una muerte, esto que vaya por delante, pero tambi\u00e9n creo que existe el derecho al respeto, aunque vuelvo a insistir, no significa que se pueda defender de cualquier manera. Simplemente, [&hellip;]<!-- AddThis Advanced Settings generic via filter on get_the_excerpt --><!-- AddThis Share Buttons generic via filter on get_the_excerpt --><\/p>\n","protected":false},"author":93,"featured_media":0,"comment_status":"open","ping_status":"closed","sticky":false,"template":"","format":"standard","meta":[],"categories":[2],"tags":[],"_links":{"self":[{"href":"https:\/\/blogs.diariovasco.com\/trampolin-vida\/wp-json\/wp\/v2\/posts\/384"}],"collection":[{"href":"https:\/\/blogs.diariovasco.com\/trampolin-vida\/wp-json\/wp\/v2\/posts"}],"about":[{"href":"https:\/\/blogs.diariovasco.com\/trampolin-vida\/wp-json\/wp\/v2\/types\/post"}],"author":[{"embeddable":true,"href":"https:\/\/blogs.diariovasco.com\/trampolin-vida\/wp-json\/wp\/v2\/users\/93"}],"replies":[{"embeddable":true,"href":"https:\/\/blogs.diariovasco.com\/trampolin-vida\/wp-json\/wp\/v2\/comments?post=384"}],"version-history":[{"count":0,"href":"https:\/\/blogs.diariovasco.com\/trampolin-vida\/wp-json\/wp\/v2\/posts\/384\/revisions"}],"wp:attachment":[{"href":"https:\/\/blogs.diariovasco.com\/trampolin-vida\/wp-json\/wp\/v2\/media?parent=384"}],"wp:term":[{"taxonomy":"category","embeddable":true,"href":"https:\/\/blogs.diariovasco.com\/trampolin-vida\/wp-json\/wp\/v2\/categories?post=384"},{"taxonomy":"post_tag","embeddable":true,"href":"https:\/\/blogs.diariovasco.com\/trampolin-vida\/wp-json\/wp\/v2\/tags?post=384"}],"curies":[{"name":"wp","href":"https:\/\/api.w.org\/{rel}","templated":true}]}}