{"id":388,"date":"2015-01-28T07:00:48","date_gmt":"2015-01-28T06:00:48","guid":{"rendered":"http:\/\/blogs.diariovasco.com\/trampolin-vida\/?p=388"},"modified":"2015-01-28T07:00:48","modified_gmt":"2015-01-28T06:00:48","slug":"las-clases-particulares","status":"publish","type":"post","link":"https:\/\/blogs.diariovasco.com\/trampolin-vida\/2015\/01\/28\/las-clases-particulares\/","title":{"rendered":"Las Clases Particulares"},"content":{"rendered":"<p><a href=\"\/trampolin-vida\/wp-content\/uploads\/sites\/62\/2015\/01\/clases.jpg\"><img loading=\"lazy\" class=\"alignright size-full wp-image-389\" title=\"clases\" src=\"\/trampolin-vida\/wp-content\/uploads\/sites\/62\/2015\/01\/clases.jpg\" alt=\"\" width=\"263\" height=\"192\" \/><\/a>Hace unos d\u00edas una amiga me comentaba que le hab\u00eda puesto un <strong>profesor particular<\/strong> a su hija para que le ayudara con los estudios. Tras hablar con su tutor, este le hab\u00eda comentado que el 80% de los alumnos requer\u00edan tener clases extras fuera del colegio para seguir el curso. Mi amiga, ha cedido porque quiere salvaguardar la convivencia, ya que cada vez se le hace m\u00e1s dif\u00edcil mantener el buen ambiente en la familia, a la vez que se esfuerza por hacer que su hija cumpla con sus obligaciones, pero no est\u00e1 convencida sobre que este sea el camino adecuado.<\/p>\n<p>Cuando me lo cont\u00f3, lo primero que me vino a la cabeza fue c\u00f3mo se pod\u00eda dar este dato con tanta tranquilidad, para reforzar que mi amiga se quedara m\u00e1s tranquila a la hora de contratar a alguien que ayudara a su hija. Desde luego, estoy de acuerdo, que para mantener la <strong>armon\u00eda familiar<\/strong>, es bueno que ella se aleje de la realidad de tener que ense\u00f1ar a su hija, ya que al final, por no saber bien c\u00f3mo hacerlo, y por la propia relaci\u00f3n de confianza de padres-hijos, resulta dif\u00edcil que seamos capaces de transmitir el conocimiento. Adem\u00e1s, hay que tener en cuenta, que el resto de la familia se siente involucrada sin querer en este conflicto, con lo que se expande a todos y a cada momento de la convivencia. Pero, esto no significa, que todo se arregle con contratar a un profesor externo, sino con que el estudiante, aprenda a responsabilizarse de sus actos, incluidos los estudios.<\/p>\n<p>El otro d\u00eda, y despu\u00e9s de haber comenzado a escribir este post, particip\u00e9 en una reuni\u00f3n en la que se detallaba un nuevo sistema de estudio, en el cual se ense\u00f1a a<a href=\"\/trampolin-vida\/wp-content\/uploads\/sites\/62\/2015\/01\/clase.jpg\"><img loading=\"lazy\" class=\"alignleft  wp-image-390\" title=\"clase\" src=\"\/trampolin-vida\/wp-content\/uploads\/sites\/62\/2015\/01\/clase.jpg\" alt=\"\" width=\"267\" height=\"189\" \/><\/a>l alumno a pensar y a utilizar la informaci\u00f3n, sin necesidad de que tengan que aprenderla como loros. En otra ocasi\u00f3n hablar\u00e9 sobre este interesante m\u00e9todo, pero lo que s\u00ed quiero apuntar es, que en esa reuni\u00f3n, se manifest\u00f3 la poca resoluci\u00f3n de las clases particulares cuando estas no van acompa\u00f1adas de algo m\u00e1s, es decir, de una concienciaci\u00f3n por parte del alumno y sus responsables de cambiar de <strong>actitud<\/strong> y de saber gestionar sus recursos para poder afrontar los estudios con \u00e9xito.<\/p>\n<p>Por lo tanto, es m\u00e1s importante ense\u00f1ar a ser <strong>responsables<\/strong> a nuestros hijos que empe\u00f1arnos en que aprueben una asignatura concreta, esto vendr\u00e1 por si solo cuando sean conscientes de las consecuencias de sus actos y de c\u00f3mo aprender a conducir su vida, aunque a veces necesiten una a\u00f1uda extra.<\/p>\n<!-- AddThis Advanced Settings generic via filter on the_content --><!-- AddThis Share Buttons generic via filter on the_content -->","protected":false},"excerpt":{"rendered":"<p>Hace unos d\u00edas una amiga me comentaba que le hab\u00eda puesto un profesor particular a su hija para que le ayudara con los estudios. Tras hablar con su tutor, este le hab\u00eda comentado que el 80% de los alumnos requer\u00edan tener clases extras fuera del colegio para seguir el curso. Mi amiga, ha cedido porque [&hellip;]<!-- AddThis Advanced Settings generic via filter on get_the_excerpt --><!-- AddThis Share Buttons generic via filter on get_the_excerpt --><\/p>\n","protected":false},"author":93,"featured_media":0,"comment_status":"open","ping_status":"closed","sticky":false,"template":"","format":"standard","meta":[],"categories":[2],"tags":[],"_links":{"self":[{"href":"https:\/\/blogs.diariovasco.com\/trampolin-vida\/wp-json\/wp\/v2\/posts\/388"}],"collection":[{"href":"https:\/\/blogs.diariovasco.com\/trampolin-vida\/wp-json\/wp\/v2\/posts"}],"about":[{"href":"https:\/\/blogs.diariovasco.com\/trampolin-vida\/wp-json\/wp\/v2\/types\/post"}],"author":[{"embeddable":true,"href":"https:\/\/blogs.diariovasco.com\/trampolin-vida\/wp-json\/wp\/v2\/users\/93"}],"replies":[{"embeddable":true,"href":"https:\/\/blogs.diariovasco.com\/trampolin-vida\/wp-json\/wp\/v2\/comments?post=388"}],"version-history":[{"count":0,"href":"https:\/\/blogs.diariovasco.com\/trampolin-vida\/wp-json\/wp\/v2\/posts\/388\/revisions"}],"wp:attachment":[{"href":"https:\/\/blogs.diariovasco.com\/trampolin-vida\/wp-json\/wp\/v2\/media?parent=388"}],"wp:term":[{"taxonomy":"category","embeddable":true,"href":"https:\/\/blogs.diariovasco.com\/trampolin-vida\/wp-json\/wp\/v2\/categories?post=388"},{"taxonomy":"post_tag","embeddable":true,"href":"https:\/\/blogs.diariovasco.com\/trampolin-vida\/wp-json\/wp\/v2\/tags?post=388"}],"curies":[{"name":"wp","href":"https:\/\/api.w.org\/{rel}","templated":true}]}}